{"id":72321,"date":"2025-09-18T15:52:19","date_gmt":"2025-09-18T18:52:19","guid":{"rendered":"https:\/\/www.paranapraia.com.br\/?p=72321"},"modified":"2025-09-18T15:52:22","modified_gmt":"2025-09-18T18:52:22","slug":"setembro-amarelo-prefeitura-de-pontal-do-parana-realiza-triagem-fisica-e-mental-para-servidores","status":"publish","type":"post","link":"https:\/\/www.paranapraia.com.br\/index.php\/2025\/09\/18\/setembro-amarelo-prefeitura-de-pontal-do-parana-realiza-triagem-fisica-e-mental-para-servidores\/","title":{"rendered":"Setembro Amarelo: Prefeitura de Pontal do Paran\u00e1 realiza triagem f\u00edsica e mental para servidores"},"content":{"rendered":"\n<p>A <a><\/a>Prefeitura de Pontal do Paran\u00e1, por meio da Superintend\u00eancia de Gest\u00e3o Estrat\u00e9gica e Suporte ao Servidor (SUGESP), promove neste m\u00eas uma a\u00e7\u00e3o itinerante voltada \u00e0 sa\u00fade f\u00edsica e mental dos servidores, em parceria com a Secretaria Municipal de Sa\u00fade.<\/p>\n\n\n\n<p>Durante as triagens, os participantes recebem apoio de autoridades locais, como a presidente da C\u00e2mara Municipal Elinete Guimar\u00e3es; a vereadora Nega Borges; e Simone Garcia, representante do sindicato.<\/p>\n\n\n\n<p>Os dados coletados ajudar\u00e3o a gest\u00e3o municipal a compreender melhor a situa\u00e7\u00e3o de sa\u00fade dos servidores e a planejar medidas de acompanhamento adequadas.<\/p>\n\n\n\n<p>A superintendente Renata Marinho ressaltou a relev\u00e2ncia da iniciativa:<\/p>\n\n\n\n<p>\u201c\u00c9 fundamental que nossos servidores tenham a oportunidade de avaliar sua sa\u00fade f\u00edsica e mental. Essa a\u00e7\u00e3o itinerante contribui para identificar necessidades e favorecer um ambiente de trabalho mais saud\u00e1vel.\u201d<\/p>\n\n\n\n<p>A secret\u00e1ria de Sa\u00fade, Michele Straub, destacou que cuidar da sa\u00fade mental tamb\u00e9m passa pelo acolhimento no ambiente profissional:<\/p>\n\n\n\n<p>\u201cSentir-se apoiado e valorizado no trabalho \u00e9 essencial. Queremos que todos percebam que podem buscar ajuda sem receios.\u201d<\/p>\n\n\n\n<p>Como parte da a\u00e7\u00e3o, bilhetes motivacionais e mensagens de valoriza\u00e7\u00e3o da vida foram colocados no jardim de entrada da prefeitura, dispon\u00edveis para que qualquer pessoa possa levar uma mensagem consigo.<\/p>\n\n\n\n<p>A a\u00e7\u00e3o itinerante segue at\u00e9 o final do m\u00eas, oferecendo acompanhamento cont\u00ednuo da sa\u00fade f\u00edsica e mental dos servidores e incentivando cuidado e preven\u00e7\u00e3o no ambiente de trabalho.<\/p>\n\n\n\n<figure class=\"wp-block-image size-large\"><img loading=\"lazy\" decoding=\"async\" width=\"1024\" height=\"768\" src=\"https:\/\/www.paranapraia.com.br\/wp-content\/uploads\/2025\/09\/550185374_1135327168696239_2446408771022803879_n-1024x768.jpg\" alt=\"\" class=\"wp-image-72323\" srcset=\"https:\/\/www.paranapraia.com.br\/wp-content\/uploads\/2025\/09\/550185374_1135327168696239_2446408771022803879_n-1024x768.jpg 1024w, https:\/\/www.paranapraia.com.br\/wp-content\/uploads\/2025\/09\/550185374_1135327168696239_2446408771022803879_n-300x225.jpg 300w, https:\/\/www.paranapraia.com.br\/wp-content\/uploads\/2025\/09\/550185374_1135327168696239_2446408771022803879_n-768x576.jpg 768w, https:\/\/www.paranapraia.com.br\/wp-content\/uploads\/2025\/09\/550185374_1135327168696239_2446408771022803879_n-696x522.jpg 696w, https:\/\/www.paranapraia.com.br\/wp-content\/uploads\/2025\/09\/550185374_1135327168696239_2446408771022803879_n-1068x801.jpg 1068w, https:\/\/www.paranapraia.com.br\/wp-content\/uploads\/2025\/09\/550185374_1135327168696239_2446408771022803879_n.jpg 1280w\" sizes=\"(max-width: 1024px) 100vw, 1024px\" \/><\/figure>\n\n\n\n<p>Prefeitura de Pontal do Paran\u00e1<\/p>\n","protected":false},"excerpt":{"rendered":"<p>A Prefeitura de Pontal do Paran\u00e1, por meio da Superintend\u00eancia de Gest\u00e3o Estrat\u00e9gica e Suporte ao Servidor (SUGESP), promove neste m\u00eas uma a\u00e7\u00e3o itinerante voltada \u00e0 sa\u00fade f\u00edsica e mental dos servidores, em parceria com a Secretaria Municipal de Sa\u00fade. Durante as triagens, os participantes recebem apoio de autoridades locais, como a presidente da C\u00e2mara [&hellip;]<\/p>\n","protected":false},"author":2,"featured_media":72322,"comment_status":"open","ping_status":"open","sticky":false,"template":"","format":"standard","meta":{"advanced_seo_description":"","jetpack_seo_html_title":"","jetpack_seo_noindex":false,"_jetpack_memberships_contains_paid_content":false,"footnotes":""},"categories":[65],"tags":[],"class_list":{"0":"post-72321","1":"post","2":"type-post","3":"status-publish","4":"format-standard","5":"has-post-thumbnail","7":"category-pontal-do-parana"},"jetpack_featured_media_url":"https:\/\/www.paranapraia.com.br\/wp-content\/uploads\/2025\/09\/548547173_1135327158696240_5721549882347515259_n-e1758221498406.jpg","jetpack_sharing_enabled":true,"_links":{"self":[{"href":"https:\/\/www.paranapraia.com.br\/index.php\/wp-json\/wp\/v2\/posts\/72321"}],"collection":[{"href":"https:\/\/www.paranapraia.com.br\/index.php\/wp-json\/wp\/v2\/posts"}],"about":[{"href":"https:\/\/www.paranapraia.com.br\/index.php\/wp-json\/wp\/v2\/types\/post"}],"author":[{"embeddable":true,"href":"https:\/\/www.paranapraia.com.br\/index.php\/wp-json\/wp\/v2\/users\/2"}],"replies":[{"embeddable":true,"href":"https:\/\/www.paranapraia.com.br\/index.php\/wp-json\/wp\/v2\/comments?post=72321"}],"version-history":[{"count":1,"href":"https:\/\/www.paranapraia.com.br\/index.php\/wp-json\/wp\/v2\/posts\/72321\/revisions"}],"predecessor-version":[{"id":72324,"href":"https:\/\/www.paranapraia.com.br\/index.php\/wp-json\/wp\/v2\/posts\/72321\/revisions\/72324"}],"wp:featuredmedia":[{"embeddable":true,"href":"https:\/\/www.paranapraia.com.br\/index.php\/wp-json\/wp\/v2\/media\/72322"}],"wp:attachment":[{"href":"https:\/\/www.paranapraia.com.br\/index.php\/wp-json\/wp\/v2\/media?parent=72321"}],"wp:term":[{"taxonomy":"category","embeddable":true,"href":"https:\/\/www.paranapraia.com.br\/index.php\/wp-json\/wp\/v2\/categories?post=72321"},{"taxonomy":"post_tag","embeddable":true,"href":"https:\/\/www.paranapraia.com.br\/index.php\/wp-json\/wp\/v2\/tags?post=72321"}],"curies":[{"name":"wp","href":"https:\/\/api.w.org\/{rel}","templated":true}]}}