{"id":72309,"date":"2025-09-18T12:10:17","date_gmt":"2025-09-18T15:10:17","guid":{"rendered":"https:\/\/www.paranapraia.com.br\/?p=72309"},"modified":"2025-09-18T12:10:18","modified_gmt":"2025-09-18T15:10:18","slug":"prefeito-adriano-ramos-cobra-providencias-da-paranagua-saneamento-por-transtornos-provenientes-da-estacao-de-esgoto-na-costeira","status":"publish","type":"post","link":"https:\/\/www.paranapraia.com.br\/index.php\/2025\/09\/18\/prefeito-adriano-ramos-cobra-providencias-da-paranagua-saneamento-por-transtornos-provenientes-da-estacao-de-esgoto-na-costeira\/","title":{"rendered":"Prefeito Adriano Ramos cobra provid\u00eancias da Paranagu\u00e1 Saneamento por transtornos provenientes da Esta\u00e7\u00e3o de Esgoto na Costeira"},"content":{"rendered":"\n<p>Na tarde de quarta-feira, dia 17, o prefeito Adriano Ramos esteve no bairro da Costeira, acompanhado da secret\u00e1ria municipal de Fiscaliza\u00e7\u00e3o das Concess\u00f5es e Contratos (Semfisc), Isabele Figueira, do secret\u00e1rio municipal de Meio Ambiente, Desenvolvimento Rural e Pesca, M\u00e1rcio Pedrero Vega, al\u00e9m dos vereadores Edilson Caetano e M\u00e1rcio Gigante.<\/p>\n\n\n\n<p>A visita atendeu a um chamado de moradores que denunciam o mau odor proveniente da Esta\u00e7\u00e3o de Tratamento de Esgoto da empresa Paranagu\u00e1 Saneamento no local.<\/p>\n\n\n\n<p>Durante a inspe\u00e7\u00e3o, o prefeito demonstrou indigna\u00e7\u00e3o com a situa\u00e7\u00e3o e afirmou que os moradores convivem com odor intenso, que causa n\u00e1useas e mal-estar, principalmente idosos. \u201c\u00c9 imposs\u00edvel viver aqui com essa situa\u00e7\u00e3o. Vamos continuar fiscalizando e trabalhando para tomar provid\u00eancias at\u00e9 arrancar a Paranagu\u00e1 Saneamento de Paranagu\u00e1\u201d, declarou.<\/p>\n\n\n\n<p>Segundo o prefeito, a Esta\u00e7\u00e3o da Paranagu\u00e1 Saneamento no local provoca alagamentos na regi\u00e3o por causa de um equipamento instalado em \u00e1rea p\u00fablica da Pra\u00e7a da Costeira.<\/p>\n\n\n\n<p>A secret\u00e1ria Isabele Figueira refor\u00e7ou que a fiscaliza\u00e7\u00e3o foi feita a pedido da comunidade. \u201cViemos verificar a situa\u00e7\u00e3o no local e continuaremos notificando a empresa sempre que forem detectadas falhas\u201d, disse a secret\u00e1ria. J\u00e1 o secret\u00e1rio M\u00e1rcio Vega ressaltou a necessidade de apurar as causas do problema. \u201cEstamos em constante verifica\u00e7\u00e3o e fiscaliza\u00e7\u00e3o para solucionar esse antigo problema\u201d, disse o secret\u00e1rio.<\/p>\n\n\n\n<p><strong>Indigna\u00e7\u00e3o dos moradores com a Paranagu\u00e1 Saneamento<\/strong><\/p>\n\n\n\n<p>Moradores relataram frustra\u00e7\u00e3o com a falta de respostas da empresa Paranagu\u00e1 Saneamento. \u201cH\u00e1 um ano ouvimos promessas de troca de equipamentos, mas nada mudou\u201d, disse Marli Cristina Marinho Correia, moradora h\u00e1 8 anos no local.<\/p>\n\n\n\n<p>Jos\u00e9 Manuel Lapontes Sales tamb\u00e9m cobrou provid\u00eancias. \u201cOu eles resolvem com equipamentos modernos, ou saem daqui\u201d, disse o morador.<\/p>\n\n\n\n<p>A Prefeitura informou que seguir\u00e1 monitorando a situa\u00e7\u00e3o e poder\u00e1 acionar a Justi\u00e7a para garantir os direitos da popula\u00e7\u00e3o.<\/p>\n\n\n\n<p>Prefeitura de Paranagu\u00e1<\/p>\n","protected":false},"excerpt":{"rendered":"<p>Na tarde de quarta-feira, dia 17, o prefeito Adriano Ramos esteve no bairro da Costeira, acompanhado da secret\u00e1ria municipal de Fiscaliza\u00e7\u00e3o das Concess\u00f5es e Contratos (Semfisc), Isabele Figueira, do secret\u00e1rio municipal de Meio Ambiente, Desenvolvimento Rural e Pesca, M\u00e1rcio Pedrero Vega, al\u00e9m dos vereadores Edilson Caetano e M\u00e1rcio Gigante. A visita atendeu a um chamado [&hellip;]<\/p>\n","protected":false},"author":2,"featured_media":72310,"comment_status":"open","ping_status":"open","sticky":false,"template":"","format":"standard","meta":{"advanced_seo_description":"","jetpack_seo_html_title":"","jetpack_seo_noindex":false,"_jetpack_memberships_contains_paid_content":false,"footnotes":""},"categories":[77],"tags":[],"class_list":{"0":"post-72309","1":"post","2":"type-post","3":"status-publish","4":"format-standard","5":"has-post-thumbnail","7":"category-paranagua"},"jetpack_featured_media_url":"https:\/\/www.paranapraia.com.br\/wp-content\/uploads\/2025\/09\/18793.jpg","jetpack_sharing_enabled":true,"_links":{"self":[{"href":"https:\/\/www.paranapraia.com.br\/index.php\/wp-json\/wp\/v2\/posts\/72309"}],"collection":[{"href":"https:\/\/www.paranapraia.com.br\/index.php\/wp-json\/wp\/v2\/posts"}],"about":[{"href":"https:\/\/www.paranapraia.com.br\/index.php\/wp-json\/wp\/v2\/types\/post"}],"author":[{"embeddable":true,"href":"https:\/\/www.paranapraia.com.br\/index.php\/wp-json\/wp\/v2\/users\/2"}],"replies":[{"embeddable":true,"href":"https:\/\/www.paranapraia.com.br\/index.php\/wp-json\/wp\/v2\/comments?post=72309"}],"version-history":[{"count":1,"href":"https:\/\/www.paranapraia.com.br\/index.php\/wp-json\/wp\/v2\/posts\/72309\/revisions"}],"predecessor-version":[{"id":72311,"href":"https:\/\/www.paranapraia.com.br\/index.php\/wp-json\/wp\/v2\/posts\/72309\/revisions\/72311"}],"wp:featuredmedia":[{"embeddable":true,"href":"https:\/\/www.paranapraia.com.br\/index.php\/wp-json\/wp\/v2\/media\/72310"}],"wp:attachment":[{"href":"https:\/\/www.paranapraia.com.br\/index.php\/wp-json\/wp\/v2\/media?parent=72309"}],"wp:term":[{"taxonomy":"category","embeddable":true,"href":"https:\/\/www.paranapraia.com.br\/index.php\/wp-json\/wp\/v2\/categories?post=72309"},{"taxonomy":"post_tag","embeddable":true,"href":"https:\/\/www.paranapraia.com.br\/index.php\/wp-json\/wp\/v2\/tags?post=72309"}],"curies":[{"name":"wp","href":"https:\/\/api.w.org\/{rel}","templated":true}]}}