{"id":72306,"date":"2025-09-18T12:08:39","date_gmt":"2025-09-18T15:08:39","guid":{"rendered":"https:\/\/www.paranapraia.com.br\/?p=72306"},"modified":"2025-09-18T12:08:41","modified_gmt":"2025-09-18T15:08:41","slug":"paranagua-tem-duas-equipes-classificadas-no-campeonato-paranaense-de-futsal-2025-jogo-decisivo-acontece-neste-sabado-20","status":"publish","type":"post","link":"https:\/\/www.paranapraia.com.br\/index.php\/2025\/09\/18\/paranagua-tem-duas-equipes-classificadas-no-campeonato-paranaense-de-futsal-2025-jogo-decisivo-acontece-neste-sabado-20\/","title":{"rendered":"Paranagu\u00e1 tem duas equipes classificadas no Campeonato Paranaense de Futsal 2025; jogo decisivo acontece neste s\u00e1bado (20)"},"content":{"rendered":"\n<p>Paranagu\u00e1 tem motivos para comemorar no Campeonato Paranaense de Futsal 2025. As duas equipes que representam o munic\u00edpio na competi\u00e7\u00e3o conquistaram vaga na fase de mata-mata e seguem firmes na disputa pelo acesso. O resultado refor\u00e7a a pol\u00edtica de incentivo ao esporte da Prefeitura, por meio da Secretaria Municipal de Esportes e Juventude (Sespor), que apoia diretamente projetos de forma\u00e7\u00e3o e rendimento.<\/p>\n\n\n\n<p><strong>Futsal feminino volta com for\u00e7a e chega \u00e0s quartas de final<\/strong><\/p>\n\n\n\n<p>Depois de dois anos sem participar de torneios oficiais, o futsal feminino de Paranagu\u00e1 voltou \u00e0s quadras e j\u00e1 alcan\u00e7ou um resultado expressivo. Sob a lideran\u00e7a da t\u00e9cnica Carolina Oliveira, o Paranagu\u00e1 Blankal garantiu classifica\u00e7\u00e3o para as quartas de final da S\u00e9rie Prata, encerrando a primeira fase na 7.\u00aa coloca\u00e7\u00e3o.<\/p>\n\n\n\n<p>Ao longo da campanha, a equipe disputou dez partidas, somando quatro vit\u00f3rias e seis derrotas, que resultaram em 12 pontos na tabela. Mesmo com um in\u00edcio de competi\u00e7\u00e3o marcado por dificuldades, o grupo mostrou crescimento constante nas \u00faltimas rodadas, tanto no preparo f\u00edsico quanto na regularidade em quadra.<\/p>\n\n\n\n<p>O desafio agora \u00e9 contra o S\u00e3o Miguel Futsal, em partidas de ida e volta. O primeiro jogo ser\u00e1 neste s\u00e1bado, dia 20, \u00e0s 17h, na Arena Albertina Salmon, em Paranagu\u00e1. A volta acontece no dia 27, em S\u00e3o Miguel do Igua\u00e7u.<\/p>\n\n\n\n<p><strong>APAF segue firme na S\u00e9rie Bronze<\/strong><\/p>\n\n\n\n<p>No masculino, a APAF Futsal tamb\u00e9m segue na briga. Comandada pelo t\u00e9cnico Maykon Zara, ex-jogador com passagem pelo futsal italiano, a equipe garantiu classifica\u00e7\u00e3o para as oitavas de final da S\u00e9rie Bronze entre os melhores terceiros colocados.<\/p>\n\n\n\n<p>Ap\u00f3s um in\u00edcio de competi\u00e7\u00e3o tranquilo, a APAF enfrentou maior equil\u00edbrio e advers\u00e1rios fortes na segunda fase, mas assegurou a vaga para o mata-mata. O advers\u00e1rio da vez ser\u00e1 o Ibipor\u00e3 Futsal, l\u00edder da chave. O primeiro duelo acontece no dia 27 de setembro, na Arena Albertina Salmon, e a partida de volta ser\u00e1 realizada na semana seguinte, em Ibipor\u00e3.<\/p>\n\n\n\n<p><strong>Apoio que faz diferen\u00e7a<\/strong><\/p>\n\n\n\n<p>O secret\u00e1rio municipal de Esportes e Juventude, S\u00edlvio Lucas, ressaltou a import\u00e2ncia do investimento municipal para que as equipes alcancem bons resultados. \u201c\u00c9 \u00f3timo ver que nossas equipes conquistaram vaga no mata-mata. Isso mostra que o investimento feito nessas associa\u00e7\u00f5es est\u00e1 trazendo frutos. Sabemos que a disputa \u00e9 dif\u00edcil, mas vamos torcer e convidar toda a torcida para prestigiar nossas meninas e meninos na Arena Albertina, neste s\u00e1bado, dia 20. Esse \u00e9 um momento importante para o futsal de Paranagu\u00e1\u201d, destacou.<\/p>\n\n\n\n<p>O t\u00e9cnico da APAF, Maykon Zara, tamb\u00e9m agradeceu ao apoio do Munic\u00edpio. \u201cA Prefeitura tem papel fundamental no andamento do projeto. Al\u00e9m de disponibilizar o gin\u00e1sio, ajuda no custeio de sal\u00e1rios e na parte financeira, garantindo a continuidade da equipe e dos resultados. S\u00f3 tenho a agradecer ao prefeito Adriano Ramos e ao secret\u00e1rio S\u00edlvio pelo apoio\u201d, concluiu.<\/p>\n\n\n\n<p>Prefeitura de Paranagu\u00e1<\/p>\n","protected":false},"excerpt":{"rendered":"<p>Paranagu\u00e1 tem motivos para comemorar no Campeonato Paranaense de Futsal 2025. As duas equipes que representam o munic\u00edpio na competi\u00e7\u00e3o conquistaram vaga na fase de mata-mata e seguem firmes na disputa pelo acesso. O resultado refor\u00e7a a pol\u00edtica de incentivo ao esporte da Prefeitura, por meio da Secretaria Municipal de Esportes e Juventude (Sespor), que [&hellip;]<\/p>\n","protected":false},"author":2,"featured_media":72307,"comment_status":"open","ping_status":"open","sticky":false,"template":"","format":"standard","meta":{"advanced_seo_description":"","jetpack_seo_html_title":"","jetpack_seo_noindex":false,"_jetpack_memberships_contains_paid_content":false,"footnotes":""},"categories":[77],"tags":[],"class_list":{"0":"post-72306","1":"post","2":"type-post","3":"status-publish","4":"format-standard","5":"has-post-thumbnail","7":"category-paranagua"},"jetpack_featured_media_url":"https:\/\/www.paranapraia.com.br\/wp-content\/uploads\/2025\/09\/18785.jpg","jetpack_sharing_enabled":true,"_links":{"self":[{"href":"https:\/\/www.paranapraia.com.br\/index.php\/wp-json\/wp\/v2\/posts\/72306"}],"collection":[{"href":"https:\/\/www.paranapraia.com.br\/index.php\/wp-json\/wp\/v2\/posts"}],"about":[{"href":"https:\/\/www.paranapraia.com.br\/index.php\/wp-json\/wp\/v2\/types\/post"}],"author":[{"embeddable":true,"href":"https:\/\/www.paranapraia.com.br\/index.php\/wp-json\/wp\/v2\/users\/2"}],"replies":[{"embeddable":true,"href":"https:\/\/www.paranapraia.com.br\/index.php\/wp-json\/wp\/v2\/comments?post=72306"}],"version-history":[{"count":1,"href":"https:\/\/www.paranapraia.com.br\/index.php\/wp-json\/wp\/v2\/posts\/72306\/revisions"}],"predecessor-version":[{"id":72308,"href":"https:\/\/www.paranapraia.com.br\/index.php\/wp-json\/wp\/v2\/posts\/72306\/revisions\/72308"}],"wp:featuredmedia":[{"embeddable":true,"href":"https:\/\/www.paranapraia.com.br\/index.php\/wp-json\/wp\/v2\/media\/72307"}],"wp:attachment":[{"href":"https:\/\/www.paranapraia.com.br\/index.php\/wp-json\/wp\/v2\/media?parent=72306"}],"wp:term":[{"taxonomy":"category","embeddable":true,"href":"https:\/\/www.paranapraia.com.br\/index.php\/wp-json\/wp\/v2\/categories?post=72306"},{"taxonomy":"post_tag","embeddable":true,"href":"https:\/\/www.paranapraia.com.br\/index.php\/wp-json\/wp\/v2\/tags?post=72306"}],"curies":[{"name":"wp","href":"https:\/\/api.w.org\/{rel}","templated":true}]}}