{"id":72300,"date":"2025-09-18T12:04:03","date_gmt":"2025-09-18T15:04:03","guid":{"rendered":"https:\/\/www.paranapraia.com.br\/?p=72300"},"modified":"2025-09-18T12:04:06","modified_gmt":"2025-09-18T15:04:06","slug":"semana-nacional-do-transito-pmpr-faz-acoes-educativas-e-de-fiscalizacao-pelo-estado","status":"publish","type":"post","link":"https:\/\/www.paranapraia.com.br\/index.php\/2025\/09\/18\/semana-nacional-do-transito-pmpr-faz-acoes-educativas-e-de-fiscalizacao-pelo-estado\/","title":{"rendered":"Semana Nacional do Tr\u00e2nsito: PMPR faz a\u00e7\u00f5es educativas e de fiscaliza\u00e7\u00e3o pelo Estado"},"content":{"rendered":"\n<p>A Pol\u00edcia Militar do Paran\u00e1 (PMPR) promover\u00e1 uma s\u00e9rie de atividades em diversas cidades do Estado para marcar a Semana Nacional do Tr\u00e2nsito, que come\u00e7ou em 18 de setembro. As iniciativas incluem palestras, blitzes educativas e de fiscaliza\u00e7\u00e3o, e parcerias com diferentes \u00f3rg\u00e3os, com o objetivo de conscientizar motoristas e pedestres sobre a seguran\u00e7a vi\u00e1ria.<\/p>\n\n\n\n<p>Em Londrina, o 30\u00ba Batalh\u00e3o de Pol\u00edcia Militar (BPM) atua em parceria com a Companhia Municipal de Tr\u00e2nsito de Londrina (CMTU), a Universidade Estadual de Londrina (UEL), a Universidade Positivo e a empresa Transportes Coletivos Grande Londrina.<\/p>\n\n\n\n<p>No dia 22 de setembro, a \u201cA\u00e7\u00e3o Tr\u00e2nsito e Cidadania\u201d no Residencial Flores do Campo vai oferecer orienta\u00e7\u00f5es sobre tr\u00e2nsito seguro e, no Dia Nacional do Tr\u00e2nsito (25 de setembro), a campanha &#8220;Olhe e Sinalize&#8221; ser\u00e1 realizada em tr\u00eas avenidas, com o apoio de alunos de fisioterapia da UEL, para orientar pedestres sobre o uso correto da faixa.<\/p>\n\n\n\n<p>Em Arapongas, a 7\u00aa Companhia Independente da Pol\u00edcia Militar (7\u00aa CIPM) iniciou a semana com a &#8220;Escolinha de Tr\u00e2nsito&#8221; e uma par\u00f3dia para crian\u00e7as. A agenda de 19 a 27 de setembro inclui a distribui\u00e7\u00e3o de panfletos em bares e blitzes educativas na Avenida Arapongas. O ponto alto da programa\u00e7\u00e3o ser\u00e1 uma simula\u00e7\u00e3o de acidente de carro no dia 27, em frente aos Correios da Avenida Arapongas. Todas as atividades contam com a participa\u00e7\u00e3o do SAMU, do Corpo de Bombeiros e do Detran.<\/p>\n\n\n\n<p>Em Campo Mour\u00e3o, o 11\u00ba BPM iniciou as atividades em 9 de setembro com a\u00e7\u00f5es educativas em escolas e distribui\u00e7\u00e3o de panfletos. A programa\u00e7\u00e3o inclui palestras em escolas municipais e uma gincana de encerramento no dia 25 de setembro, com a participa\u00e7\u00e3o de escolas, do DETRAN\/PR, da Diretoria de Tr\u00e2nsito de Campo Mour\u00e3o e outros parceiros.<\/p>\n\n\n\n<p>O 31\u00ba BPM est\u00e1 \u00e0 frente do &#8220;Projeto Did\u00e1tico de Educa\u00e7\u00e3o no Tr\u00e2nsito 2025&#8221;. Em Corb\u00e9lia, o batalh\u00e3o realiza aulas te\u00f3ricas nas escolas Dom Bosco e Anita Garibaldi no dia 15 de setembro, e nas escolas Castro Alves, Tancredo Neves e S\u00e3o Jos\u00e9 nos dias 16 e 17. Blitzes educativas est\u00e3o agendadas para o dia 17 em frente \u00e0s escolas e nos dias 18 e 19 em frente ao F\u00f3rum, com participa\u00e7\u00e3o do Corpo de Bombeiros Comunit\u00e1rio, CONSEG e outras autoridades. Em Iracema do Oeste, nos dias 22 e 23 de setembro, as a\u00e7\u00f5es educativas acontecem na Escola Professora Aparecida Rodrigues Carneloz, com atividades de manh\u00e3 e \u00e0 tarde.&nbsp;<\/p>\n\n\n\n<p>Em Cafel\u00e2ndia, a programa\u00e7\u00e3o se estende por tr\u00eas dias: no dia 24 de setembro, as a\u00e7\u00f5es ocorrem na Escola Andr\u00e9 Luiz da S. Prestes. Em 25 de setembro, \u00e9 a vez da Escola Theof\u00e2neo A. Maltezzo. E no dia 26, as atividades continuam na Theof\u00e2neo A. Maltezzo e tamb\u00e9m na Teotonio Vilela e na CSC &#8211; Manoel da N\u00f3brega. Para finalizar, em Assis Chateaubriand, as a\u00e7\u00f5es ocorrer\u00e3o nos dias 29 e 30 de setembro na Escola Professor Paschoal de Paula, nos per\u00edodos da manh\u00e3 e da tarde.<\/p>\n\n\n\n<p>A 3\u00aa CIPM de Nova Londrina realizar\u00e1 uma blitz de fiscaliza\u00e7\u00e3o no dia 18 de setembro, e uma blitz educativa em Loanda com a 28\u00aa Ciretran no dia 19 de setembro. J\u00e1 em Apucarana, o 10\u00ba BPM conduziu a &#8220;Opera\u00e7\u00e3o Blitz&#8221; em 15 de setembro, visando tanto a orienta\u00e7\u00e3o quanto a fiscaliza\u00e7\u00e3o de condutores e pedestres. Os militares da 3\u00aa CIPM tamb\u00e9m participar\u00e3o do 3\u00ba Semin\u00e1rio Estadual de Tr\u00e2nsito em Maring\u00e1, de 23 a 25 de setembro.<\/p>\n\n\n\n<p>AEN\/PR<\/p>\n","protected":false},"excerpt":{"rendered":"<p>A Pol\u00edcia Militar do Paran\u00e1 (PMPR) promover\u00e1 uma s\u00e9rie de atividades em diversas cidades do Estado para marcar a Semana Nacional do Tr\u00e2nsito, que come\u00e7ou em 18 de setembro. As iniciativas incluem palestras, blitzes educativas e de fiscaliza\u00e7\u00e3o, e parcerias com diferentes \u00f3rg\u00e3os, com o objetivo de conscientizar motoristas e pedestres sobre a seguran\u00e7a vi\u00e1ria. [&hellip;]<\/p>\n","protected":false},"author":2,"featured_media":72301,"comment_status":"open","ping_status":"open","sticky":false,"template":"","format":"standard","meta":{"advanced_seo_description":"","jetpack_seo_html_title":"","jetpack_seo_noindex":false,"_jetpack_memberships_contains_paid_content":false,"footnotes":""},"categories":[40],"tags":[],"class_list":{"0":"post-72300","1":"post","2":"type-post","3":"status-publish","4":"format-standard","5":"has-post-thumbnail","7":"category-destaques"},"jetpack_featured_media_url":"https:\/\/www.paranapraia.com.br\/wp-content\/uploads\/2025\/09\/1-1-scaled.jpg","jetpack_sharing_enabled":true,"_links":{"self":[{"href":"https:\/\/www.paranapraia.com.br\/index.php\/wp-json\/wp\/v2\/posts\/72300"}],"collection":[{"href":"https:\/\/www.paranapraia.com.br\/index.php\/wp-json\/wp\/v2\/posts"}],"about":[{"href":"https:\/\/www.paranapraia.com.br\/index.php\/wp-json\/wp\/v2\/types\/post"}],"author":[{"embeddable":true,"href":"https:\/\/www.paranapraia.com.br\/index.php\/wp-json\/wp\/v2\/users\/2"}],"replies":[{"embeddable":true,"href":"https:\/\/www.paranapraia.com.br\/index.php\/wp-json\/wp\/v2\/comments?post=72300"}],"version-history":[{"count":1,"href":"https:\/\/www.paranapraia.com.br\/index.php\/wp-json\/wp\/v2\/posts\/72300\/revisions"}],"predecessor-version":[{"id":72302,"href":"https:\/\/www.paranapraia.com.br\/index.php\/wp-json\/wp\/v2\/posts\/72300\/revisions\/72302"}],"wp:featuredmedia":[{"embeddable":true,"href":"https:\/\/www.paranapraia.com.br\/index.php\/wp-json\/wp\/v2\/media\/72301"}],"wp:attachment":[{"href":"https:\/\/www.paranapraia.com.br\/index.php\/wp-json\/wp\/v2\/media?parent=72300"}],"wp:term":[{"taxonomy":"category","embeddable":true,"href":"https:\/\/www.paranapraia.com.br\/index.php\/wp-json\/wp\/v2\/categories?post=72300"},{"taxonomy":"post_tag","embeddable":true,"href":"https:\/\/www.paranapraia.com.br\/index.php\/wp-json\/wp\/v2\/tags?post=72300"}],"curies":[{"name":"wp","href":"https:\/\/api.w.org\/{rel}","templated":true}]}}