{"id":72297,"date":"2025-09-18T12:01:31","date_gmt":"2025-09-18T15:01:31","guid":{"rendered":"https:\/\/www.paranapraia.com.br\/?p=72297"},"modified":"2025-09-18T12:01:33","modified_gmt":"2025-09-18T15:01:33","slug":"estado-autoriza-r-38-milhoes-em-sinalizacao-viaria-e-turistica-para-as-sete-cidades-do-litoral","status":"publish","type":"post","link":"https:\/\/www.paranapraia.com.br\/index.php\/2025\/09\/18\/estado-autoriza-r-38-milhoes-em-sinalizacao-viaria-e-turistica-para-as-sete-cidades-do-litoral\/","title":{"rendered":"Estado autoriza R$ 3,8 milh\u00f5es em sinaliza\u00e7\u00e3o vi\u00e1ria e tur\u00edstica para as sete cidades do Litoral"},"content":{"rendered":"\n<p>A regi\u00e3o litor\u00e2nea do Paran\u00e1 vai receber um importante refor\u00e7o na \u00e1rea de mobilidade urbana e turismo. O Governo do Estado, por meio do Departamento de Tr\u00e2nsito do Paran\u00e1 (Detran-PR), anunciou nesta quarta-feira (17), em Antonina, um investimento de R$ 3.877.500,00 para implanta\u00e7\u00e3o e renova\u00e7\u00e3o da sinaliza\u00e7\u00e3o vi\u00e1ria e tur\u00edstica nos sete munic\u00edpios \u2013 Antonina, Guaraque\u00e7aba, Guaratuba, Matinhos, Morretes, Paranagu\u00e1 e Pontal do Paran\u00e1.<\/p>\n\n\n\n<p>Os recursos s\u00e3o do\u00a0<strong>programa Sinaliza Paran\u00e1<\/strong>, que tem como objetivo aumentar a seguran\u00e7a vi\u00e1ria, organizar o tr\u00e2nsito local e dar mais estrutura para receber os milhares de turistas que visitam a regi\u00e3o todos os anos.<\/p>\n\n\n\n<p>\u201c\u00c9 uma iniciativa estadual de moderniza\u00e7\u00e3o da infraestrutura urbana, coordenada pelo governador Ratinho Junior\u201d, destacou o presidente do Detran-PR, Santin Roveda. \u201cO Governo vai investir R$ 100 milh\u00f5es em todo o Estado, e hoje temos a satisfa\u00e7\u00e3o de anunciar R$ 3,8 milh\u00f5es para o Litoral, para que a capacidade empreendedora continue acreditando nessa regi\u00e3o e para que as pessoas tenham seguran\u00e7a ao sair de suas casas, podendo todo dia retornar em seguran\u00e7a para sua fam\u00edlia\u201d.<\/p>\n\n\n\n<p>Para os gestores municipais, os investimentos chegam em um momento estrat\u00e9gico e \u00e0s v\u00e9speras da temporada de ver\u00e3o. \u201cEstamos felizes com essa not\u00edcia, ainda mais nesse momento de in\u00edcio de gest\u00e3o. Vamos poder implantar sinaliza\u00e7\u00e3o vertical, horizontal e tur\u00edstica e dar essa seguran\u00e7a para pedestres e condutores e organizar o tr\u00e2nsito, o que \u00e9 fundamental\u201d, afirmou o prefeito de Paranagu\u00e1, Adriano Ramos.<\/p>\n\n\n\n<p>O prefeito de Morretes, Sebasti\u00e3o Brindarolli Junior, destacou que os investimentos v\u00e3o impulsionar o turismo da regi\u00e3o. \u201c\u00c9 um importante investimento em infraestrutura que vai oferecer mais seguran\u00e7a, acessibilidade e qualidade de vida para a nossa popula\u00e7\u00e3o e para quem nos visita\u201d, disse.<\/p>\n\n\n\n<p>O impacto no turismo local tamb\u00e9m foi ressaltado pelo prefeito de Pontal do Paran\u00e1, Rudisney Gimenes. \u201cSinaliza\u00e7\u00e3o vi\u00e1ria e tur\u00edstica \u00e9 extremamente importante dentro de todas as infraestruturas que est\u00e3o sendo constru\u00eddas no Litoral. Com certeza vai melhorar a vis\u00e3o dos turistas em rela\u00e7\u00e3o \u00e0 nossa cidade ao oferecermos uma melhor estrutura para receber todo mundo, al\u00e9m de dar mais seguran\u00e7a ao tr\u00e2nsito\u201d, disse.<\/p>\n\n\n\n<p>As melhorias em infraestrutura v\u00e3o conferir melhor organiza\u00e7\u00e3o da circula\u00e7\u00e3o de ve\u00edculos e pedestres, e a sinaliza\u00e7\u00e3o tur\u00edstica facilitar\u00e1 o acesso dos visitantes a atrativos naturais, hist\u00f3ricos e culturais do Litoral do Paran\u00e1, como praias, parques, trilhas e centros hist\u00f3ricos. Os valores s\u00e3o proporcionais ao n\u00famero de habitantes de cada munic\u00edpio.<\/p>\n\n\n\n<p><strong>Valor por munic\u00edpio<\/strong><\/p>\n\n\n\n<p>Antonina \u2013 R$ 480.000,00<\/p>\n\n\n\n<p>Guaraque\u00e7aba \u2013 R$ 345.000,00<\/p>\n\n\n\n<p>Guaratuba \u2013 R$ 570.000,00<\/p>\n\n\n\n<p>Matinhos \u2013 R$ 570.000,00<\/p>\n\n\n\n<p>Morretes \u2013 R$ 480.000,00<\/p>\n\n\n\n<p>Paranagu\u00e1 \u2013 R$ 862.500,00<\/p>\n\n\n\n<p>Pontal do Paran\u00e1 \u2013 R$ 570.000,00<\/p>\n\n\n\n<p><strong>PRESEN\u00c7AS&nbsp;<\/strong>\u2013 O evento tamb\u00e9m contou com a presen\u00e7a do secret\u00e1rio de Estado do Turismo, Leonaldo Paranhos; dos prefeitos Alessandro Carneiro Soares Truchinski, de Guaraque\u00e7aba, e Rozane Osaki, de Antonina.<\/p>\n\n\n\n<p>AEN\/PR<\/p>\n","protected":false},"excerpt":{"rendered":"<p>A regi\u00e3o litor\u00e2nea do Paran\u00e1 vai receber um importante refor\u00e7o na \u00e1rea de mobilidade urbana e turismo. O Governo do Estado, por meio do Departamento de Tr\u00e2nsito do Paran\u00e1 (Detran-PR), anunciou nesta quarta-feira (17), em Antonina, um investimento de R$ 3.877.500,00 para implanta\u00e7\u00e3o e renova\u00e7\u00e3o da sinaliza\u00e7\u00e3o vi\u00e1ria e tur\u00edstica nos sete munic\u00edpios \u2013 Antonina, [&hellip;]<\/p>\n","protected":false},"author":2,"featured_media":72298,"comment_status":"open","ping_status":"open","sticky":false,"template":"","format":"standard","meta":{"advanced_seo_description":"","jetpack_seo_html_title":"","jetpack_seo_noindex":false,"_jetpack_memberships_contains_paid_content":false,"footnotes":""},"categories":[40,91],"tags":[],"class_list":{"0":"post-72297","1":"post","2":"type-post","3":"status-publish","4":"format-standard","5":"has-post-thumbnail","7":"category-destaques","8":"category-litoral"},"jetpack_featured_media_url":"https:\/\/www.paranapraia.com.br\/wp-content\/uploads\/2025\/09\/caminhos_do_litoral_1.jpg","jetpack_sharing_enabled":true,"_links":{"self":[{"href":"https:\/\/www.paranapraia.com.br\/index.php\/wp-json\/wp\/v2\/posts\/72297"}],"collection":[{"href":"https:\/\/www.paranapraia.com.br\/index.php\/wp-json\/wp\/v2\/posts"}],"about":[{"href":"https:\/\/www.paranapraia.com.br\/index.php\/wp-json\/wp\/v2\/types\/post"}],"author":[{"embeddable":true,"href":"https:\/\/www.paranapraia.com.br\/index.php\/wp-json\/wp\/v2\/users\/2"}],"replies":[{"embeddable":true,"href":"https:\/\/www.paranapraia.com.br\/index.php\/wp-json\/wp\/v2\/comments?post=72297"}],"version-history":[{"count":1,"href":"https:\/\/www.paranapraia.com.br\/index.php\/wp-json\/wp\/v2\/posts\/72297\/revisions"}],"predecessor-version":[{"id":72299,"href":"https:\/\/www.paranapraia.com.br\/index.php\/wp-json\/wp\/v2\/posts\/72297\/revisions\/72299"}],"wp:featuredmedia":[{"embeddable":true,"href":"https:\/\/www.paranapraia.com.br\/index.php\/wp-json\/wp\/v2\/media\/72298"}],"wp:attachment":[{"href":"https:\/\/www.paranapraia.com.br\/index.php\/wp-json\/wp\/v2\/media?parent=72297"}],"wp:term":[{"taxonomy":"category","embeddable":true,"href":"https:\/\/www.paranapraia.com.br\/index.php\/wp-json\/wp\/v2\/categories?post=72297"},{"taxonomy":"post_tag","embeddable":true,"href":"https:\/\/www.paranapraia.com.br\/index.php\/wp-json\/wp\/v2\/tags?post=72297"}],"curies":[{"name":"wp","href":"https:\/\/api.w.org\/{rel}","templated":true}]}}