{"id":72294,"date":"2025-09-18T11:59:42","date_gmt":"2025-09-18T14:59:42","guid":{"rendered":"https:\/\/www.paranapraia.com.br\/?p=72294"},"modified":"2025-09-18T11:59:44","modified_gmt":"2025-09-18T14:59:44","slug":"mais-82-cidades-do-parana-vao-receber-veiculos-para-fortalecer-politicas-para-mulheres","status":"publish","type":"post","link":"https:\/\/www.paranapraia.com.br\/index.php\/2025\/09\/18\/mais-82-cidades-do-parana-vao-receber-veiculos-para-fortalecer-politicas-para-mulheres\/","title":{"rendered":"Mais 82 cidades do Paran\u00e1 v\u00e3o receber ve\u00edculos para fortalecer pol\u00edticas para mulheres"},"content":{"rendered":"\n<p>O Governo do Paran\u00e1, por meio da Secretaria de Estado da Mulher, Igualdade Racial e Pessoa Idosa (Semipi), iniciou a segunda fase do repasse de ve\u00edculos para munic\u00edpios que possuem Organismos de Pol\u00edticas para Mulheres (OPMs). Nesta etapa, 82 ser\u00e3o destinados a prefeituras com OPMs formalmente institu\u00eddos, ampliando a rede de atendimento e a promo\u00e7\u00e3o dos direitos das mulheres.<\/p>\n\n\n\n<p>Segundo a secret\u00e1ria da Mulher, Igualdade Racial e Pessoa Idosa, Leandre Dal Ponte, a nova fase atende \u00e0 alta demanda registrada na primeira etapa do programa, onde 72 munic\u00edpios foram contemplados com ve\u00edculos j\u00e1 entregues. \u201cO programa nasceu para estruturar os organismos municipais e melhorar as condi\u00e7\u00f5es de atua\u00e7\u00e3o, especialmente no atendimento ao direto das mulheres. Agora, mais cidades ter\u00e3o um ve\u00edculo como ferramenta de trabalho de suas equipes\u201d, afirmou.<\/p>\n\n\n\n<p>A secret\u00e1ria explicou que, dos 82 ve\u00edculos, 56 ser\u00e3o entregues a munic\u00edpios que participaram da primeira fase, cumpriram todos os requisitos, mas n\u00e3o receberam por falta de unidades dispon\u00edveis. \u201cPara estes munic\u00edpios, o processo ser\u00e1 simplificado, com reapresenta\u00e7\u00e3o m\u00ednima de documentos, pois eles j\u00e1 haviam avan\u00e7ado bastante na primeira etapa\u201d, detalhou Leandre.<\/p>\n\n\n\n<p>Outros 26 ve\u00edculos ser\u00e3o repassados aos munic\u00edpios que se habilitarem na segunda fase da opera\u00e7\u00e3o. A resolu\u00e7\u00e3o para habilita\u00e7\u00e3o das prefeituras foi publicada nesta ter\u00e7a-feira (16). Entre os crit\u00e9rios exigidos est\u00e3o a exist\u00eancia de OPM institu\u00eddo por lei ou decreto, Conselho Municipal dos Direitos da Mulher em funcionamento e Fundo Municipal espec\u00edfico para a pol\u00edtica da mulher.<\/p>\n\n\n\n<p>Giuliana Batista Dal Toso Marcondes, secret\u00e1ria da Mulher de Fazenda Rio Grande, que recebeu o ve\u00edculo na primeira fase, comenta que a chegada do autom\u00f3vel transformou a rotina de trabalho da equipe municipal. \u201cEsse refor\u00e7o fortaleceu desde visitas a empresas e encaminhamentos \u00e1geis \u00e0 rede de prote\u00e7\u00e3o at\u00e9 a\u00e7\u00f5es educativas e de promo\u00e7\u00e3o da igualdade\u201d, destacou.<\/p>\n\n\n\n<p>O prazo para novos munic\u00edpios aderirem \u00e0 habilita\u00e7\u00e3o come\u00e7ou no dia 16 de setembro e vai at\u00e9 16 de outubro. O resultado preliminar ser\u00e1 divulgado em 22 de outubro, com prazo para recursos at\u00e9 dia 27, e a lista final de munic\u00edpios contemplados publicada em 29 de outubro de 2025.<\/p>\n\n\n\n<p>Entre as cidades j\u00e1 contemplados est\u00e1 Santa Helena. A secret\u00e1ria de Assist\u00eancia Social, Ivanete Aparecida Weiss, destaca que o ve\u00edculo impulsionou novos projetos no munic\u00edpio. \u201cCom esse apoio, vamos ampliar a\u00e7\u00f5es de gera\u00e7\u00e3o de renda, capacita\u00e7\u00e3o e busca ativa, fortalecendo a rede de prote\u00e7\u00e3o \u00e0s mulheres\u201d, afirmou.<\/p>\n\n\n\n<p>O repasse integra o Programa de Investimento para Qualifica\u00e7\u00e3o da Atua\u00e7\u00e3o dos Organismos Municipais de Pol\u00edticas para as Mulheres.<\/p>\n\n\n\n<p>\u201cA gente j\u00e1 sente um orgulho enorme em percorrer as estradas do Paran\u00e1 e dos autom\u00f3veis cor-de-rosa rodando e servindo \u00e0 popula\u00e7\u00e3o. Cada ve\u00edculo entregue significa mais agilidade no deslocamento das equipes, apoio nos atendimentos e maior presen\u00e7a do poder p\u00fablico junto \u00e0s mulheres em situa\u00e7\u00e3o de vulnerabilidade. \u00c9 um investimento que impacta diretamente a gest\u00e3o municipal e a vida das mulheres atendidas\u201d, concluiu Leandre.<\/p>\n\n\n\n<p><strong>NOVA ETAPA<\/strong>&nbsp;\u2013&nbsp;Com essa nova fase, o n\u00famero total de cidades contempladas com ve\u00edculos chegar\u00e1 a 154, cada um destinado exclusivamente ao desenvolvimento de a\u00e7\u00f5es voltadas \u00e0 promo\u00e7\u00e3o de pol\u00edticas para mulheres.<\/p>\n\n\n\n<p>AEN\/PR<\/p>\n","protected":false},"excerpt":{"rendered":"<p>O Governo do Paran\u00e1, por meio da Secretaria de Estado da Mulher, Igualdade Racial e Pessoa Idosa (Semipi), iniciou a segunda fase do repasse de ve\u00edculos para munic\u00edpios que possuem Organismos de Pol\u00edticas para Mulheres (OPMs). Nesta etapa, 82 ser\u00e3o destinados a prefeituras com OPMs formalmente institu\u00eddos, ampliando a rede de atendimento e a promo\u00e7\u00e3o [&hellip;]<\/p>\n","protected":false},"author":2,"featured_media":72295,"comment_status":"open","ping_status":"open","sticky":false,"template":"","format":"standard","meta":{"advanced_seo_description":"","jetpack_seo_html_title":"","jetpack_seo_noindex":false,"_jetpack_memberships_contains_paid_content":false,"footnotes":""},"categories":[40],"tags":[],"class_list":{"0":"post-72294","1":"post","2":"type-post","3":"status-publish","4":"format-standard","5":"has-post-thumbnail","7":"category-destaques"},"jetpack_featured_media_url":"https:\/\/www.paranapraia.com.br\/wp-content\/uploads\/2025\/09\/2025-03-31_08h05-50_robson_mafra_1-scaled.jpg","jetpack_sharing_enabled":true,"_links":{"self":[{"href":"https:\/\/www.paranapraia.com.br\/index.php\/wp-json\/wp\/v2\/posts\/72294"}],"collection":[{"href":"https:\/\/www.paranapraia.com.br\/index.php\/wp-json\/wp\/v2\/posts"}],"about":[{"href":"https:\/\/www.paranapraia.com.br\/index.php\/wp-json\/wp\/v2\/types\/post"}],"author":[{"embeddable":true,"href":"https:\/\/www.paranapraia.com.br\/index.php\/wp-json\/wp\/v2\/users\/2"}],"replies":[{"embeddable":true,"href":"https:\/\/www.paranapraia.com.br\/index.php\/wp-json\/wp\/v2\/comments?post=72294"}],"version-history":[{"count":1,"href":"https:\/\/www.paranapraia.com.br\/index.php\/wp-json\/wp\/v2\/posts\/72294\/revisions"}],"predecessor-version":[{"id":72296,"href":"https:\/\/www.paranapraia.com.br\/index.php\/wp-json\/wp\/v2\/posts\/72294\/revisions\/72296"}],"wp:featuredmedia":[{"embeddable":true,"href":"https:\/\/www.paranapraia.com.br\/index.php\/wp-json\/wp\/v2\/media\/72295"}],"wp:attachment":[{"href":"https:\/\/www.paranapraia.com.br\/index.php\/wp-json\/wp\/v2\/media?parent=72294"}],"wp:term":[{"taxonomy":"category","embeddable":true,"href":"https:\/\/www.paranapraia.com.br\/index.php\/wp-json\/wp\/v2\/categories?post=72294"},{"taxonomy":"post_tag","embeddable":true,"href":"https:\/\/www.paranapraia.com.br\/index.php\/wp-json\/wp\/v2\/tags?post=72294"}],"curies":[{"name":"wp","href":"https:\/\/api.w.org\/{rel}","templated":true}]}}