{"id":72291,"date":"2025-09-18T11:56:07","date_gmt":"2025-09-18T14:56:07","guid":{"rendered":"https:\/\/www.paranapraia.com.br\/?p=72291"},"modified":"2025-09-18T11:56:10","modified_gmt":"2025-09-18T14:56:10","slug":"caminhada-na-natureza-revela-paisagens-da-colonia-pereira-em-pontal-do-parana","status":"publish","type":"post","link":"https:\/\/www.paranapraia.com.br\/index.php\/2025\/09\/18\/caminhada-na-natureza-revela-paisagens-da-colonia-pereira-em-pontal-do-parana\/","title":{"rendered":"Caminhada na Natureza revela paisagens da Col\u00f4nia Pereira em Pontal do Paran\u00e1"},"content":{"rendered":"\n<p>No dia <a><\/a>19 de outubro, Pontal do Paran\u00e1 recebe mais uma edi\u00e7\u00e3o da Caminhada na Natureza, desta vez no Circuito Col\u00f4nia Pereira.<\/p>\n\n\n\n<p>O percurso de 10 quil\u00f4metros percorre cen\u00e1rios rurais, rios de \u00e1guas cristalinas e lavouras cultivadas h\u00e1 gera\u00e7\u00f5es, oferecendo aos participantes uma experi\u00eancia de contato direto com a cultura local e o meio ambiente.<\/p>\n\n\n\n<p>Formada por descendentes de imigrantes holandeses e italianos, a comunidade preserva tradi\u00e7\u00f5es e modos de vida que se refletem na paisagem e na hospitalidade.<\/p>\n\n\n\n<p>Durante a caminhada, ser\u00e1 poss\u00edvel observar o cultivo de arroz, milho e mandioca, que comp\u00f5em a paisagem t\u00edpica da comunidade.<\/p>\n\n\n\n<p>A secret\u00e1ria municipal de Turismo e Desenvolvimento Econ\u00f4mico, Luciana Goldschmidt Costa, ressalta a import\u00e2ncia da iniciativa:<\/p>\n\n\n\n<p>\u201cA Caminhada na Natureza \u00e9 um convite para que moradores e visitantes conhe\u00e7am mais de perto as riquezas de Pontal do Paran\u00e1. O Circuito Col\u00f4nia Pereira une paisagem, cultura e a tradi\u00e7\u00e3o de uma comunidade que mant\u00e9m viva sua hist\u00f3ria. \u00c9 uma oportunidade de lazer que tamb\u00e9m movimenta a economia local, j\u00e1 que valoriza os produtores e empreendedores da regi\u00e3o.\u201d<\/p>\n\n\n\n<p>Entre os primeiros inscritos est\u00e3o Cibele Biu de Lima e M\u00e1rcio Cubis de Lima, casal que participa com frequ\u00eancia das caminhadas realizadas no munic\u00edpio.<\/p>\n\n\n\n<p>\u201cEu e meu marido participamos sempre dessas atividades. Gostamos muito e pretendemos continuar. Tamb\u00e9m apreciamos as barraquinhas locais, que costumam ser bem organizadas. J\u00e1 estou inscrita em outras caminhadas programadas para os pr\u00f3ximos dias\u201d, contou Cibele.<\/p>\n\n\n\n<p>Ponto de encontro: CTG \u2013 Centro de Tradi\u00e7\u00f5es Ga\u00fachas Desgarrados do Pago<\/p>\n\n\n\n<p>Hor\u00e1rio de concentra\u00e7\u00e3o: a partir das 6h30<\/p>\n\n\n\n<p>Para se inscrever, acesse o link: <a href=\"https:\/\/www.ecobooking.com.br\/site3\/destinoEventoSimples.php?Xeven=jzubq5epwbawyxdzb6kf&amp;fbclid=IwZXh0bgNhZW0CMTAAYnJpZBExSkxMYTdDNHQxak1tZkNwSAEe5P200REnjjsSumxNF28Mt0bBpgc1KGIfoQuCPIJ4xo9bSRvf6EPXKVzvtv0_aem_C4678QGjboCbRhkiKYwjDQ\" target=\"_blank\" rel=\"noreferrer noopener\">https:\/\/www.ecobooking.com.br\/&#8230;\/destinoEventoSimples&#8230;<\/a><\/p>\n\n\n\n<p>D\u00favidas entrar em contato:<\/p>\n\n\n\n<p>Whatsapp: 41 93500-7978<\/p>\n\n\n\n<p>Email: caminhadaspontal@outlook.com ou pontalprturismo@gmail.com<\/p>\n\n\n\n<p>O evento \u00e9 promovido pela Prefeitura de Pontal do Paran\u00e1, por meio da Secretaria Municipal de Turismo e Desenvolvimento Econ\u00f4mico em parceria com o Instituto de Desenvolvimento Rural do Paran\u00e1 (IDR), o Ecobooking \u2013 Sistema de Gest\u00e3o de Turismo, e as Caminhadas na Natureza Paran\u00e1.<\/p>\n\n\n\n<p>Prefeitura de Pontal do Paran\u00e1<\/p>\n","protected":false},"excerpt":{"rendered":"<p>No dia 19 de outubro, Pontal do Paran\u00e1 recebe mais uma edi\u00e7\u00e3o da Caminhada na Natureza, desta vez no Circuito Col\u00f4nia Pereira. O percurso de 10 quil\u00f4metros percorre cen\u00e1rios rurais, rios de \u00e1guas cristalinas e lavouras cultivadas h\u00e1 gera\u00e7\u00f5es, oferecendo aos participantes uma experi\u00eancia de contato direto com a cultura local e o meio ambiente. [&hellip;]<\/p>\n","protected":false},"author":2,"featured_media":72292,"comment_status":"open","ping_status":"open","sticky":false,"template":"","format":"standard","meta":{"advanced_seo_description":"","jetpack_seo_html_title":"","jetpack_seo_noindex":false,"_jetpack_memberships_contains_paid_content":false,"footnotes":""},"categories":[65],"tags":[],"class_list":{"0":"post-72291","1":"post","2":"type-post","3":"status-publish","4":"format-standard","5":"has-post-thumbnail","7":"category-pontal-do-parana"},"jetpack_featured_media_url":"https:\/\/www.paranapraia.com.br\/wp-content\/uploads\/2025\/09\/Trilha-Rural-ao-Longo-do-Rio.png","jetpack_sharing_enabled":true,"_links":{"self":[{"href":"https:\/\/www.paranapraia.com.br\/index.php\/wp-json\/wp\/v2\/posts\/72291"}],"collection":[{"href":"https:\/\/www.paranapraia.com.br\/index.php\/wp-json\/wp\/v2\/posts"}],"about":[{"href":"https:\/\/www.paranapraia.com.br\/index.php\/wp-json\/wp\/v2\/types\/post"}],"author":[{"embeddable":true,"href":"https:\/\/www.paranapraia.com.br\/index.php\/wp-json\/wp\/v2\/users\/2"}],"replies":[{"embeddable":true,"href":"https:\/\/www.paranapraia.com.br\/index.php\/wp-json\/wp\/v2\/comments?post=72291"}],"version-history":[{"count":1,"href":"https:\/\/www.paranapraia.com.br\/index.php\/wp-json\/wp\/v2\/posts\/72291\/revisions"}],"predecessor-version":[{"id":72293,"href":"https:\/\/www.paranapraia.com.br\/index.php\/wp-json\/wp\/v2\/posts\/72291\/revisions\/72293"}],"wp:featuredmedia":[{"embeddable":true,"href":"https:\/\/www.paranapraia.com.br\/index.php\/wp-json\/wp\/v2\/media\/72292"}],"wp:attachment":[{"href":"https:\/\/www.paranapraia.com.br\/index.php\/wp-json\/wp\/v2\/media?parent=72291"}],"wp:term":[{"taxonomy":"category","embeddable":true,"href":"https:\/\/www.paranapraia.com.br\/index.php\/wp-json\/wp\/v2\/categories?post=72291"},{"taxonomy":"post_tag","embeddable":true,"href":"https:\/\/www.paranapraia.com.br\/index.php\/wp-json\/wp\/v2\/tags?post=72291"}],"curies":[{"name":"wp","href":"https:\/\/api.w.org\/{rel}","templated":true}]}}