{"id":72276,"date":"2025-09-18T09:02:19","date_gmt":"2025-09-18T12:02:19","guid":{"rendered":"https:\/\/www.paranapraia.com.br\/?p=72276"},"modified":"2025-09-18T09:02:21","modified_gmt":"2025-09-18T12:02:21","slug":"morretes-inicia-construcao-do-plano-municipal-de-cultura","status":"publish","type":"post","link":"https:\/\/www.paranapraia.com.br\/index.php\/2025\/09\/18\/morretes-inicia-construcao-do-plano-municipal-de-cultura\/","title":{"rendered":"Morretes inicia constru\u00e7\u00e3o do Plano Municipal de Cultura"},"content":{"rendered":"\n<p>A Prefeitura de Morretes deu in\u00edcio ao processo de constru\u00e7\u00e3o do Plano Municipal de Cultura com a primeira reuni\u00e3o do Grupo de Trabalho (GT), realizada na Biblioteca Municipal na \u00faltima ter\u00e7a-feira (16), das 15h \u00e0s 16h30. O encontro marca um passo importante para planejar o futuro da cultura no munic\u00edpio.<\/p>\n\n\n\n<p>Durante a reuni\u00e3o, J\u00falia Moretti, respons\u00e1vel pelo departamento de Cultura da Secretaria de Cultura e Turismo, apresentou os principais documentos que v\u00e3o orientar o trabalho do GT. Entre eles est\u00e3o o planejamento das etapas, um resumo da situa\u00e7\u00e3o atual da cultura no munic\u00edpio, o pr\u00e9-diagn\u00f3stico, a tabela de sistematiza\u00e7\u00e3o da escuta p\u00fablica e os formul\u00e1rios de mapeamento cultural. Esses materiais servir\u00e3o para organizar informa\u00e7\u00f5es sobre artistas, espa\u00e7os culturais, tradi\u00e7\u00f5es, mem\u00f3rias e potenciais criativos de Morretes.<\/p>\n\n\n\n<p>Um dos pontos debatidos foi a import\u00e2ncia de facilitar o acesso da popula\u00e7\u00e3o aos formul\u00e1rios de participa\u00e7\u00e3o. Ficou definido que eles ter\u00e3o tamb\u00e9m vers\u00e3o impressa, que ser\u00e1 distribu\u00edda em escolas, igrejas e outros espa\u00e7os comunit\u00e1rios, garantindo que todos possam contribuir, mesmo sem acesso \u00e0 internet. Al\u00e9m disso, os formul\u00e1rios incluir\u00e3o perguntas sobre o p\u00fablico-alvo de cada espa\u00e7o cultural, com exemplos para tornar as quest\u00f5es mais claras.<\/p>\n\n\n\n<p>O GT tamb\u00e9m refor\u00e7ou a valoriza\u00e7\u00e3o das pessoas que fazem a cultura acontecer na cidade. Todo artista, artes\u00e3o ou guardi\u00e3o de saber tradicional \u00e9 considerado um agente cultural, mesmo que n\u00e3o seja conhecido fora de Morretes. O fortalecimento da autoestima da comunidade \u00e9 visto como parte essencial do desenvolvimento cultural local.<\/p>\n\n\n\n<p>Outro tema em destaque foi a rela\u00e7\u00e3o entre cultura e turismo. Os participantes destacaram que Morretes tem potencial para ser reconhecida como cidade criativa, sempre preservando a identidade local e evitando impactos negativos do turismo, como a gentrifica\u00e7\u00e3o.<\/p>\n\n\n\n<p>Os pr\u00f3ximos passos incluem a revis\u00e3o dos formul\u00e1rios com as contribui\u00e7\u00f5es recebidas e a continuidade das reuni\u00f5es do GT, que ocorrer\u00e3o semanalmente, \u00e0s segundas-feiras, \u00e0s 14h.<\/p>\n\n\n\n<p>Com essa iniciativa, Morretes avan\u00e7a na constru\u00e7\u00e3o coletiva de um Plano Municipal de Cultura democr\u00e1tico, enraizado na realidade local e com a cara da nossa gente.<\/p>\n\n\n\n<p>Prefeitura de Morretes<\/p>\n","protected":false},"excerpt":{"rendered":"<p>A Prefeitura de Morretes deu in\u00edcio ao processo de constru\u00e7\u00e3o do Plano Municipal de Cultura com a primeira reuni\u00e3o do Grupo de Trabalho (GT), realizada na Biblioteca Municipal na \u00faltima ter\u00e7a-feira (16), das 15h \u00e0s 16h30. O encontro marca um passo importante para planejar o futuro da cultura no munic\u00edpio. Durante a reuni\u00e3o, J\u00falia Moretti, [&hellip;]<\/p>\n","protected":false},"author":2,"featured_media":72277,"comment_status":"open","ping_status":"open","sticky":false,"template":"","format":"standard","meta":{"advanced_seo_description":"","jetpack_seo_html_title":"","jetpack_seo_noindex":false,"_jetpack_memberships_contains_paid_content":false,"footnotes":""},"categories":[125],"tags":[],"class_list":{"0":"post-72276","1":"post","2":"type-post","3":"status-publish","4":"format-standard","5":"has-post-thumbnail","7":"category-morretes"},"jetpack_featured_media_url":"https:\/\/www.paranapraia.com.br\/wp-content\/uploads\/2025\/09\/img9316.jpg","jetpack_sharing_enabled":true,"_links":{"self":[{"href":"https:\/\/www.paranapraia.com.br\/index.php\/wp-json\/wp\/v2\/posts\/72276"}],"collection":[{"href":"https:\/\/www.paranapraia.com.br\/index.php\/wp-json\/wp\/v2\/posts"}],"about":[{"href":"https:\/\/www.paranapraia.com.br\/index.php\/wp-json\/wp\/v2\/types\/post"}],"author":[{"embeddable":true,"href":"https:\/\/www.paranapraia.com.br\/index.php\/wp-json\/wp\/v2\/users\/2"}],"replies":[{"embeddable":true,"href":"https:\/\/www.paranapraia.com.br\/index.php\/wp-json\/wp\/v2\/comments?post=72276"}],"version-history":[{"count":1,"href":"https:\/\/www.paranapraia.com.br\/index.php\/wp-json\/wp\/v2\/posts\/72276\/revisions"}],"predecessor-version":[{"id":72278,"href":"https:\/\/www.paranapraia.com.br\/index.php\/wp-json\/wp\/v2\/posts\/72276\/revisions\/72278"}],"wp:featuredmedia":[{"embeddable":true,"href":"https:\/\/www.paranapraia.com.br\/index.php\/wp-json\/wp\/v2\/media\/72277"}],"wp:attachment":[{"href":"https:\/\/www.paranapraia.com.br\/index.php\/wp-json\/wp\/v2\/media?parent=72276"}],"wp:term":[{"taxonomy":"category","embeddable":true,"href":"https:\/\/www.paranapraia.com.br\/index.php\/wp-json\/wp\/v2\/categories?post=72276"},{"taxonomy":"post_tag","embeddable":true,"href":"https:\/\/www.paranapraia.com.br\/index.php\/wp-json\/wp\/v2\/tags?post=72276"}],"curies":[{"name":"wp","href":"https:\/\/api.w.org\/{rel}","templated":true}]}}