{"id":72229,"date":"2025-09-17T12:57:16","date_gmt":"2025-09-17T15:57:16","guid":{"rendered":"https:\/\/www.paranapraia.com.br\/?p=72229"},"modified":"2025-09-17T12:57:19","modified_gmt":"2025-09-17T15:57:19","slug":"dia-da-seguranca-do-paciente-parana-reforca-cuidados-a-recem-nascidos-e-criancas","status":"publish","type":"post","link":"https:\/\/www.paranapraia.com.br\/index.php\/2025\/09\/17\/dia-da-seguranca-do-paciente-parana-reforca-cuidados-a-recem-nascidos-e-criancas\/","title":{"rendered":"Dia da Seguran\u00e7a do Paciente: Paran\u00e1 refor\u00e7a cuidados a rec\u00e9m-nascidos e crian\u00e7as"},"content":{"rendered":"\n<p>Em alus\u00e3o ao Dia Mundial da Seguran\u00e7a do Paciente, celebrado nesta quarta-feira (17), a Secretaria de Estado da Sa\u00fade (Sesa), por meio do N\u00facleo Estadual de Seguran\u00e7a do Paciente (NESP), promoveu nesta semana um webinar sobre o tema voltado a profissionais da \u00e1rea. O encontro apresentou as melhores pr\u00e1ticas para minimizar riscos e aprimorar o cuidado em sa\u00fade, com foco especial em rec\u00e9m-nascidos e crian\u00e7as.<\/p>\n\n\n\n<p>O tema central escolhido pela Organiza\u00e7\u00e3o Mundial da Sa\u00fade (OMS) para a campanha de 2025 \u00e9 \u201cCuidado seguro para cada rec\u00e9m-nascido e cada crian\u00e7a\u201d, com o slogan \u201cSeguran\u00e7a do paciente desde o in\u00edcio!\u201d.<\/p>\n\n\n\n<p>Dados recentes da OMS apontam que o risco de eventos adversos em UTIs neonatais pode ser at\u00e9 oito vezes maior do que em UTIs adulto, o que refor\u00e7a a necessidade de aten\u00e7\u00e3o redobrada. Essa vulnerabilidade est\u00e1 relacionada a diversos fatores, que v\u00e3o desde o ambiente hospitalar at\u00e9 os procedimentos assistenciais realizados.<\/p>\n\n\n\n<p>\u201cA seguran\u00e7a do paciente \u00e9 um compromisso inegoci\u00e1vel da sa\u00fade, especialmente quando falamos dos nossos rec\u00e9m-nascidos. Garantir cuidados seguros desde o nascimento \u00e9 fundamental para proteger as crian\u00e7as contra riscos evit\u00e1veis que podem impactar sua sa\u00fade e desenvolvimento por toda a vida\u201d, destaca o secret\u00e1rio de Estado da Sa\u00fade, Beto Preto.<\/p>\n\n\n\n<p>Com esse prop\u00f3sito, a Sesa tem investido de forma cont\u00ednua na capacita\u00e7\u00e3o das equipes das redes estadual e municipal, fortalecendo o cuidado seguro em todos os n\u00edveis de aten\u00e7\u00e3o.<\/p>\n\n\n\n<p>\u201cA qualifica\u00e7\u00e3o permanente das nossas equipes \u00e9 essencial para garantir que as melhores pr\u00e1ticas sejam sempre aplicadas\u201d, refor\u00e7a Maria Goretti David Lopes, diretora de Aten\u00e7\u00e3o e Vigil\u00e2ncia em Sa\u00fade da Sesa.<\/p>\n\n\n\n<p>O conte\u00fado completo do Webinar \u2014 com detalhes da capacita\u00e7\u00e3o e orienta\u00e7\u00f5es pr\u00e1ticas sobre seguran\u00e7a do paciente no cuidado neonatal e pedi\u00e1trico \u2014 est\u00e1 dispon\u00edvel no canal da Escola de Sa\u00fade P\u00fablica do Paran\u00e1 no YouTube. Acesse&nbsp;<a href=\"https:\/\/www.youtube.com\/live\/6Bqh_0gcFBg\" target=\"_blank\" rel=\"noreferrer noopener\">AQUI<\/a>.<\/p>\n\n\n\n<p>AEN\/PR<\/p>\n","protected":false},"excerpt":{"rendered":"<p>Em alus\u00e3o ao Dia Mundial da Seguran\u00e7a do Paciente, celebrado nesta quarta-feira (17), a Secretaria de Estado da Sa\u00fade (Sesa), por meio do N\u00facleo Estadual de Seguran\u00e7a do Paciente (NESP), promoveu nesta semana um webinar sobre o tema voltado a profissionais da \u00e1rea. O encontro apresentou as melhores pr\u00e1ticas para minimizar riscos e aprimorar o [&hellip;]<\/p>\n","protected":false},"author":2,"featured_media":72230,"comment_status":"open","ping_status":"open","sticky":false,"template":"","format":"standard","meta":{"advanced_seo_description":"","jetpack_seo_html_title":"","jetpack_seo_noindex":false,"_jetpack_memberships_contains_paid_content":false,"footnotes":""},"categories":[50],"tags":[],"class_list":{"0":"post-72229","1":"post","2":"type-post","3":"status-publish","4":"format-standard","5":"has-post-thumbnail","7":"category-saude"},"jetpack_featured_media_url":"https:\/\/www.paranapraia.com.br\/wp-content\/uploads\/2025\/09\/hospital_trabalhador_0020.jpg","jetpack_sharing_enabled":true,"_links":{"self":[{"href":"https:\/\/www.paranapraia.com.br\/index.php\/wp-json\/wp\/v2\/posts\/72229"}],"collection":[{"href":"https:\/\/www.paranapraia.com.br\/index.php\/wp-json\/wp\/v2\/posts"}],"about":[{"href":"https:\/\/www.paranapraia.com.br\/index.php\/wp-json\/wp\/v2\/types\/post"}],"author":[{"embeddable":true,"href":"https:\/\/www.paranapraia.com.br\/index.php\/wp-json\/wp\/v2\/users\/2"}],"replies":[{"embeddable":true,"href":"https:\/\/www.paranapraia.com.br\/index.php\/wp-json\/wp\/v2\/comments?post=72229"}],"version-history":[{"count":1,"href":"https:\/\/www.paranapraia.com.br\/index.php\/wp-json\/wp\/v2\/posts\/72229\/revisions"}],"predecessor-version":[{"id":72231,"href":"https:\/\/www.paranapraia.com.br\/index.php\/wp-json\/wp\/v2\/posts\/72229\/revisions\/72231"}],"wp:featuredmedia":[{"embeddable":true,"href":"https:\/\/www.paranapraia.com.br\/index.php\/wp-json\/wp\/v2\/media\/72230"}],"wp:attachment":[{"href":"https:\/\/www.paranapraia.com.br\/index.php\/wp-json\/wp\/v2\/media?parent=72229"}],"wp:term":[{"taxonomy":"category","embeddable":true,"href":"https:\/\/www.paranapraia.com.br\/index.php\/wp-json\/wp\/v2\/categories?post=72229"},{"taxonomy":"post_tag","embeddable":true,"href":"https:\/\/www.paranapraia.com.br\/index.php\/wp-json\/wp\/v2\/tags?post=72229"}],"curies":[{"name":"wp","href":"https:\/\/api.w.org\/{rel}","templated":true}]}}