{"id":72217,"date":"2025-09-17T12:48:24","date_gmt":"2025-09-17T15:48:24","guid":{"rendered":"https:\/\/www.paranapraia.com.br\/?p=72217"},"modified":"2025-09-17T12:48:26","modified_gmt":"2025-09-17T15:48:26","slug":"missao-parana-ii-tem-avancos-no-combate-a-violencia-contra-mulher-e-encontro-com-consegs","status":"publish","type":"post","link":"https:\/\/www.paranapraia.com.br\/index.php\/2025\/09\/17\/missao-parana-ii-tem-avancos-no-combate-a-violencia-contra-mulher-e-encontro-com-consegs\/","title":{"rendered":"Miss\u00e3o Paran\u00e1 II tem avan\u00e7os no combate \u00e0 viol\u00eancia contra mulher e encontro com Consegs"},"content":{"rendered":"\n<p>A Miss\u00e3o Paran\u00e1 II leva a Londrina avan\u00e7os no combate \u00e0 viol\u00eancia contra mulher, com palestras para representantes da regi\u00e3o, e um encontro com os Conselhos Comunit\u00e1rios de Seguran\u00e7a (Consegs) para ouvir a popula\u00e7\u00e3o a respeito das a\u00e7\u00f5es de seguran\u00e7a p\u00fablica.<\/p>\n\n\n\n<p>O Programa Mulher Segura continua avan\u00e7ando na regi\u00e3o Norte e nesta ter\u00e7a-feira (16) duas novas palestras e uma reuni\u00e3o foram promovidas em Londrina, ampliando as estrat\u00e9gias de combate \u00e0 viol\u00eancia contra a mulher. \u200bDurante os encontros foi destacado que a gest\u00e3o e o alinhamento s\u00e3o essenciais para o sucesso das a\u00e7\u00f5es, bem como destacado que a troca de experi\u00eancias transforma ideias em solu\u00e7\u00f5es pr\u00e1ticas.<\/p>\n\n\n\n<p>Para o coordenador do programa, coronel Dalton Perovano, a gest\u00e3o da rede de prote\u00e7\u00e3o \u00e9 um processo cont\u00ednuo de revis\u00e3o e controle de a\u00e7\u00f5es. \u201cO di\u00e1logo \u00e9 fundamental para que as solu\u00e7\u00f5es sejam efetivas. Esse trabalho de audi\u00e7\u00e3o transforma experi\u00eancias em pr\u00e1ticas inovadoras, evitando que as ideias fiquem estagnadas com o tempo\u201d, destacou.<\/p>\n\n\n\n<p>Pela manh\u00e3, a reuni\u00e3o da Rede de Prote\u00e7\u00e3o \u00e0 Mulher aconteceu no audit\u00f3rio do 5\u00ba Batalh\u00e3o da Pol\u00edcia Militar (BPM). O encontro reuniu representantes da Seguran\u00e7a P\u00fablica, do Minist\u00e9rio P\u00fablico e da sociedade civil para discutir o alinhamento de estrat\u00e9gias e a integra\u00e7\u00e3o da rede.<\/p>\n\n\n\n<p>J\u00e1 no in\u00edcio da tarde, foram realizadas palestras sobre temas como \u201cMulher Segura\u201d e \u201cMulher Segura \u2014 Adolescentes\u201d, promovida para alunos do 2\u00ba Col\u00e9gio da Pol\u00edcia Militar do Paran\u00e1 (CPM), onde foi abordado desde a preven\u00e7\u00e3o da viol\u00eancia at\u00e9 a conscientiza\u00e7\u00e3o de jovens e adultos, incluindo o papel do engajamento masculino.<\/p>\n\n\n\n<p>Os encontros reuniram 323 pessoas, contando com a presen\u00e7a de representantes da Pol\u00edcia Militar do Paran\u00e1 (PMPR), Pol\u00edcia Civil do Paran\u00e1 (PCPR), Pol\u00edcia Cient\u00edfica do Paran\u00e1 (PCIPR), Pol\u00edcia Penal do Paran\u00e1 (PPPR), Secretaria Municipal de Pol\u00edticas para as Mulheres, N\u00facleo Maria da Penha (Numape), N\u00facleo de Atendimento \u00e0s V\u00edtimas de Viol\u00eancia Dom\u00e9stica da Delegacia da Mulher (Nuavidem), al\u00e9m da OAB Londrina, do Conselho Municipal dos Direitos das Mulheres e de representantes das prefeituras de Londrina e Tamarana.<\/p>\n\n\n\n<p>O Mulher Segura \u00e9 uma iniciativa da Secretaria da Seguran\u00e7a P\u00fablica voltada para o combate e a preven\u00e7\u00e3o da viol\u00eancia de g\u00eanero. Criado para fortalecer o atendimento e a prote\u00e7\u00e3o \u00e0s mulheres, ele atua de forma integrada, envolvendo diversas frentes de a\u00e7\u00e3o. Entre 2023 e 2024, aumentou em 332% as visitas comunit\u00e1rias, passando de 12 mil para mais de 51 mil. No primeiro semestre de 2025, o crescimento foi de 86,6%. O programa j\u00e1 realizou 1,3 mil palestras para mais de 105 mil pessoas e pretende capacitar 1,4 mil profissionais para atuar em todo o Paran\u00e1.<\/p>\n\n\n\n<p><strong>CONSEG&nbsp;<\/strong>\u2013 A Secretaria de Seguran\u00e7a P\u00fablica do Paran\u00e1 tamb\u00e9m promoveu nesta ter\u00e7a-feira (16) o primeiro encontro regional dos Conselhos Comunit\u00e1rios de Seguran\u00e7a (Consegs) em Londrina. O evento, que faz parte da programa\u00e7\u00e3o da Miss\u00e3o Paran\u00e1 II, reuniu mais de 90 participantes, entre representantes das for\u00e7as de seguran\u00e7a, lideran\u00e7as comunit\u00e1rias e membros da sociedade civil.<\/p>\n\n\n\n<p>O encontro foi um espa\u00e7o aberto para debater os principais pontos de seguran\u00e7a da regi\u00e3o, ouvir demandas e construir solu\u00e7\u00f5es conjuntas, refor\u00e7ando a import\u00e2ncia de fortalecer a integra\u00e7\u00e3o entre Estado e comunidade.<\/p>\n\n\n\n<p>\u201cOs Consegs s\u00e3o espa\u00e7os fundamentais de articula\u00e7\u00e3o local, nos quais a comunidade se mobiliza, identifica demandas e participa da constru\u00e7\u00e3o coletiva de solu\u00e7\u00f5es para os desafios que impactam a seguran\u00e7a e a qualidade de vida de cada regi\u00e3o. Para isso, \u00e9 fundamental que o Estado e sociedade caminhem juntos, fortalecendo o di\u00e1logo, a coopera\u00e7\u00e3o e a confian\u00e7a m\u00fatua\u201d, ressalta o secret\u00e1rio da Seguran\u00e7a P\u00fablica, Hudson Le\u00f4ncio Teixeira.<\/p>\n\n\n\n<p>A reuni\u00e3o contou com a participa\u00e7\u00e3o do sindicato rural e dos conselhos comunit\u00e1rios de seguran\u00e7a da regi\u00e3o Norte, ampliando o debate sobre o papel da comunidade na constru\u00e7\u00e3o da seguran\u00e7a. O objetivo foi refor\u00e7ar que, sem a participa\u00e7\u00e3o popular, n\u00e3o \u00e9 poss\u00edvel compreender plenamente o que acontece nos bairros e o que gera a sensa\u00e7\u00e3o de inseguran\u00e7a.<\/p>\n\n\n\n<p>\u201cO Conselho Comunit\u00e1rio de Seguran\u00e7a \u00e9 um espa\u00e7o que d\u00e1 oportunidade para todos se manifestarem, mostrando o que est\u00e1 acontecendo e apresentando sugest\u00f5es e solu\u00e7\u00f5es que, quando vi\u00e1veis, s\u00e3o devidamente atendidas. Hoje, mostramos a\u00e7\u00f5es que t\u00eam contribu\u00eddo para a redu\u00e7\u00e3o estat\u00edstica de crimes contra o patrim\u00f4nio e contra a vida na \u00e1rea rural\u201d, afirmou o chefe do Centro Estadual dos Conselhos Comunit\u00e1rios de Seguran\u00e7a (CECONSEG), coronel Chehade Elias Geha.<\/p>\n\n\n\n<p>A Patrulha Rural Comunit\u00e1ria, uma das pautas da Miss\u00e3o Paran\u00e1 II, tamb\u00e9m foi abordada durante a reuni\u00e3o. A iniciativa busca ampliar a parceria entre for\u00e7as de seguran\u00e7a e produtores rurais, promovendo a\u00e7\u00f5es de preven\u00e7\u00e3o, patrulhamento direcionado e resposta r\u00e1pida a ocorr\u00eancias.<\/p>\n\n\n\n<p>Participaram da reuni\u00e3o integrantes da Pol\u00edcia Militar, por meio da Patrulha Rural Comunit\u00e1ria, do Batalh\u00e3o de Pol\u00edcia Rodovi\u00e1ria e de representantes do 5\u00ba Batalh\u00e3o, Guarda Municipal de Londrina, Corpo de Bombeiros, Pol\u00edcia Rodovi\u00e1ria Federal (PRF), Pol\u00edcia Penal do Paran\u00e1 (PPPR), Pol\u00edcia Cient\u00edfica do Paran\u00e1 (PCIPR), associa\u00e7\u00f5es municipais, Sindicato Rural e popula\u00e7\u00e3o civil.&nbsp;<\/p>\n\n\n\n<p>AEN\/PR<\/p>\n","protected":false},"excerpt":{"rendered":"<p>A Miss\u00e3o Paran\u00e1 II leva a Londrina avan\u00e7os no combate \u00e0 viol\u00eancia contra mulher, com palestras para representantes da regi\u00e3o, e um encontro com os Conselhos Comunit\u00e1rios de Seguran\u00e7a (Consegs) para ouvir a popula\u00e7\u00e3o a respeito das a\u00e7\u00f5es de seguran\u00e7a p\u00fablica. O Programa Mulher Segura continua avan\u00e7ando na regi\u00e3o Norte e nesta ter\u00e7a-feira (16) duas [&hellip;]<\/p>\n","protected":false},"author":2,"featured_media":72218,"comment_status":"open","ping_status":"open","sticky":false,"template":"","format":"standard","meta":{"advanced_seo_description":"","jetpack_seo_html_title":"","jetpack_seo_noindex":false,"_jetpack_memberships_contains_paid_content":false,"footnotes":""},"categories":[40],"tags":[],"class_list":{"0":"post-72217","1":"post","2":"type-post","3":"status-publish","4":"format-standard","5":"has-post-thumbnail","7":"category-destaques"},"jetpack_featured_media_url":"https:\/\/www.paranapraia.com.br\/wp-content\/uploads\/2025\/09\/whatsapp_image_2025-09-17_at_08.06.591-scaled.jpg","jetpack_sharing_enabled":true,"_links":{"self":[{"href":"https:\/\/www.paranapraia.com.br\/index.php\/wp-json\/wp\/v2\/posts\/72217"}],"collection":[{"href":"https:\/\/www.paranapraia.com.br\/index.php\/wp-json\/wp\/v2\/posts"}],"about":[{"href":"https:\/\/www.paranapraia.com.br\/index.php\/wp-json\/wp\/v2\/types\/post"}],"author":[{"embeddable":true,"href":"https:\/\/www.paranapraia.com.br\/index.php\/wp-json\/wp\/v2\/users\/2"}],"replies":[{"embeddable":true,"href":"https:\/\/www.paranapraia.com.br\/index.php\/wp-json\/wp\/v2\/comments?post=72217"}],"version-history":[{"count":1,"href":"https:\/\/www.paranapraia.com.br\/index.php\/wp-json\/wp\/v2\/posts\/72217\/revisions"}],"predecessor-version":[{"id":72219,"href":"https:\/\/www.paranapraia.com.br\/index.php\/wp-json\/wp\/v2\/posts\/72217\/revisions\/72219"}],"wp:featuredmedia":[{"embeddable":true,"href":"https:\/\/www.paranapraia.com.br\/index.php\/wp-json\/wp\/v2\/media\/72218"}],"wp:attachment":[{"href":"https:\/\/www.paranapraia.com.br\/index.php\/wp-json\/wp\/v2\/media?parent=72217"}],"wp:term":[{"taxonomy":"category","embeddable":true,"href":"https:\/\/www.paranapraia.com.br\/index.php\/wp-json\/wp\/v2\/categories?post=72217"},{"taxonomy":"post_tag","embeddable":true,"href":"https:\/\/www.paranapraia.com.br\/index.php\/wp-json\/wp\/v2\/tags?post=72217"}],"curies":[{"name":"wp","href":"https:\/\/api.w.org\/{rel}","templated":true}]}}