{"id":72211,"date":"2025-09-16T17:39:32","date_gmt":"2025-09-16T20:39:32","guid":{"rendered":"https:\/\/www.paranapraia.com.br\/?p=72211"},"modified":"2025-09-16T17:39:34","modified_gmt":"2025-09-16T20:39:34","slug":"setembro-amarelo-caps-antonina-promove-roda-de-conversa-sobre-saude-mental-e-enfrentamento-de-crises","status":"publish","type":"post","link":"https:\/\/www.paranapraia.com.br\/index.php\/2025\/09\/16\/setembro-amarelo-caps-antonina-promove-roda-de-conversa-sobre-saude-mental-e-enfrentamento-de-crises\/","title":{"rendered":"Setembro Amarelo: CAPS Antonina promove Roda de Conversa sobre sa\u00fade mental e enfrentamento de crises"},"content":{"rendered":"\n<p>Em alus\u00e3o ao\u00a0Setembro Amarelo, m\u00eas dedicado \u00e0 preven\u00e7\u00e3o do suic\u00eddio e valoriza\u00e7\u00e3o da vida, o\u00a0Centro de Aten\u00e7\u00e3o Psicossocial (CAPS) de Antonina\u00a0realizou uma\u00a0Roda de Conversa\u00a0com usu\u00e1rios e familiares, abordando o tema\u00a0<em>\u201cLidando com Crises\u201d<\/em>.<\/p>\n\n\n\n<p>O encontro foi conduzido pela equipe multiprofissional do servi\u00e7o, formada por psic\u00f3loga, terapeuta ocupacional e conselheiro em depend\u00eancia qu\u00edmica. Durante a atividade, foram compartilhadas orienta\u00e7\u00f5es, estrat\u00e9gias de cuidado e formas de acolhimento em momentos de crise, tanto para quem vivencia a situa\u00e7\u00e3o quanto para familiares e pessoas pr\u00f3ximas.<\/p>\n\n\n\n<p>A a\u00e7\u00e3o integra a programa\u00e7\u00e3o especial do\u00a0Setembro Amarelo, campanha nacional que busca conscientizar a sociedade sobre a import\u00e2ncia do di\u00e1logo aberto, do apoio emocional e da aten\u00e7\u00e3o \u00e0 sa\u00fade mental.<\/p>\n\n\n\n<p>\u201cProcurar ajuda \u00e9 um ato de coragem. O CAPS \u00e9 um espa\u00e7o de refer\u00eancia em sa\u00fade mental, aberto \u00e0 comunidade e preparado para acolher quem precisa\u201d, refor\u00e7ou a equipe organizadora.<\/p>\n\n\n\n<p>Com atividades como esta, o CAPS Antonina reafirma seu compromisso em\u00a0promover o cuidado integral em sa\u00fade mental\u00a0e em estimular pr\u00e1ticas de preven\u00e7\u00e3o, apoio e valoriza\u00e7\u00e3o da vida.<\/p>\n\n\n\n<p>Prefeitura de Antonina<\/p>\n","protected":false},"excerpt":{"rendered":"<p>Em alus\u00e3o ao\u00a0Setembro Amarelo, m\u00eas dedicado \u00e0 preven\u00e7\u00e3o do suic\u00eddio e valoriza\u00e7\u00e3o da vida, o\u00a0Centro de Aten\u00e7\u00e3o Psicossocial (CAPS) de Antonina\u00a0realizou uma\u00a0Roda de Conversa\u00a0com usu\u00e1rios e familiares, abordando o tema\u00a0\u201cLidando com Crises\u201d. O encontro foi conduzido pela equipe multiprofissional do servi\u00e7o, formada por psic\u00f3loga, terapeuta ocupacional e conselheiro em depend\u00eancia qu\u00edmica. Durante a atividade, foram [&hellip;]<\/p>\n","protected":false},"author":2,"featured_media":72212,"comment_status":"open","ping_status":"open","sticky":false,"template":"","format":"standard","meta":{"advanced_seo_description":"","jetpack_seo_html_title":"","jetpack_seo_noindex":false,"_jetpack_memberships_contains_paid_content":false,"footnotes":""},"categories":[132],"tags":[],"class_list":{"0":"post-72211","1":"post","2":"type-post","3":"status-publish","4":"format-standard","5":"has-post-thumbnail","7":"category-antonina"},"jetpack_featured_media_url":"https:\/\/www.paranapraia.com.br\/wp-content\/uploads\/2025\/09\/setembro-amarelo.jpg","jetpack_sharing_enabled":true,"_links":{"self":[{"href":"https:\/\/www.paranapraia.com.br\/index.php\/wp-json\/wp\/v2\/posts\/72211"}],"collection":[{"href":"https:\/\/www.paranapraia.com.br\/index.php\/wp-json\/wp\/v2\/posts"}],"about":[{"href":"https:\/\/www.paranapraia.com.br\/index.php\/wp-json\/wp\/v2\/types\/post"}],"author":[{"embeddable":true,"href":"https:\/\/www.paranapraia.com.br\/index.php\/wp-json\/wp\/v2\/users\/2"}],"replies":[{"embeddable":true,"href":"https:\/\/www.paranapraia.com.br\/index.php\/wp-json\/wp\/v2\/comments?post=72211"}],"version-history":[{"count":1,"href":"https:\/\/www.paranapraia.com.br\/index.php\/wp-json\/wp\/v2\/posts\/72211\/revisions"}],"predecessor-version":[{"id":72213,"href":"https:\/\/www.paranapraia.com.br\/index.php\/wp-json\/wp\/v2\/posts\/72211\/revisions\/72213"}],"wp:featuredmedia":[{"embeddable":true,"href":"https:\/\/www.paranapraia.com.br\/index.php\/wp-json\/wp\/v2\/media\/72212"}],"wp:attachment":[{"href":"https:\/\/www.paranapraia.com.br\/index.php\/wp-json\/wp\/v2\/media?parent=72211"}],"wp:term":[{"taxonomy":"category","embeddable":true,"href":"https:\/\/www.paranapraia.com.br\/index.php\/wp-json\/wp\/v2\/categories?post=72211"},{"taxonomy":"post_tag","embeddable":true,"href":"https:\/\/www.paranapraia.com.br\/index.php\/wp-json\/wp\/v2\/tags?post=72211"}],"curies":[{"name":"wp","href":"https:\/\/api.w.org\/{rel}","templated":true}]}}