{"id":7220,"date":"2019-04-18T20:49:56","date_gmt":"2019-04-18T23:49:56","guid":{"rendered":"https:\/\/www.paranapraia.com.br\/?p=7220"},"modified":"2019-04-18T20:49:57","modified_gmt":"2019-04-18T23:49:57","slug":"petrobras-mantem-alta-do-diesel-e-greve-de-caminhoneiros-pode-se-tornar-realidade","status":"publish","type":"post","link":"https:\/\/www.paranapraia.com.br\/index.php\/2019\/04\/18\/petrobras-mantem-alta-do-diesel-e-greve-de-caminhoneiros-pode-se-tornar-realidade\/","title":{"rendered":"Petrobras mant\u00e9m alta do diesel e greve de caminhoneiros pode se tornar realidade"},"content":{"rendered":"\n<h4 class=\"wp-block-heading\">\n\nParalisa\u00e7\u00e3o estava sinalizada para 21 de maio, mas confirma\u00e7\u00e3o do aumento do pre\u00e7o do diesel pode antecipar planejamento dos condutores \/ Foto: Divulga\u00e7\u00e3o \/ Petrobras<br><\/h4>\n\n\n\n<p>Nesta quarta-feira (17), a Petrobras anunciou, por meio de seu presidente,\u00a0Roberto Castello Branco, um acr\u00e9scimo de R$ 0,10 no pre\u00e7o do diesel, elevando o valor do combust\u00edvel para R$ 2,24 por litro. O aumento \u00e9 divulgado\u00a0seis dias ap\u00f3s o presidente Jair Bolsonaro (PSL) interferir na empresa para tentar frear uma alta de 5,7% que faria o pre\u00e7o do litro chegar a R$ 2,26.<\/p>\n\n\n\n<p>A medida da Petrobras deve colocar os caminhoneiros em estado de greve.\u00a0Desde a manh\u00e3 da \u00faltima ter\u00e7a-feira (16), quando o governo federal anunciou um conjunto de medidas para acalmar a categoria e impedir uma paralisa\u00e7\u00e3o nacional, os condutores, insatisfeitos com o pacote, amea\u00e7am cruzar os bra\u00e7os no dia 21 de maio.<\/p>\n\n\n\n<p>&#8220;Se o diesel aumentar um centavo que seja e n\u00e3o houver efetiva fiscaliza\u00e7\u00e3o da aplica\u00e7\u00e3o do piso, a gente para no dia 21, quando a greve do ano passado completar\u00e1 um ano&#8221;, afirmou o caminhoneiro Wanderlei Alves, o Ded\u00e9co, uma das lideran\u00e7as da categoria em grupos de Whatsapp,\u00a0em entrevista ao jornal\u00a0<em>Valor Econ\u00f4mico<\/em>\u00a0na v\u00e9spera do aumento anunciado pela Petrobras. Ap\u00f3s o an\u00fancio desta quarta, Ded\u00e9co\u00a0disse \u00e0 revista\u00a0<em>Veja\u00a0<\/em>que a greve deve ser deflagrada nos pr\u00f3ximos dez dias.<\/p>\n\n\n\n<p>Apesar de pouco tempo para rea\u00e7\u00e3o, em doze\u00a0grupos formados por caminhoneiros no Whatsapp que s\u00e3o acompanhados pela reportagem do\u00a0<strong>Brasil de Fato<\/strong>, a not\u00edcia do aumento\u00a0gerou revolta.\u00a0Na noite desta quarta-feira,\u00a0os\u00a0pedidos\u00a0de paralisa\u00e7\u00e3o\u00a0se multiplicaram. \u201cOs R$ 0,10 s\u00e3o os mesmos 5%. J\u00e1 passou da hora de parar, meus amigos\u201d, afirma um condutor no aplicativo de conversa. Outro, revoltado com o an\u00fancio da Petrobras, sentencia: \u201cA greve vai ter que acontecer dinovo (sic), n\u00e3o vai ter sa\u00edda\u201d.<\/p>\n\n\n\n<p>Um dos \u00e1udios que circula nos grupos de caminhoneiros faz cr\u00edticas diretas ao presidente Bolsonaro, sinalizando arrependimento em rela\u00e7\u00e3o \u00e0 escolha de parte da categoria nas elei\u00e7\u00f5es presidenciais de 2018: &#8220;Rapaz, n\u00f3s elegemos um cara despreparado at\u00e9 o \u00faltimo para governar esse pa\u00eds. Ele est\u00e1 perdido, perdido. N\u00e3o consegue fazer nem aquilo que ele se comprometeu com a fatia financeira do pa\u00eds, que \u00e9 aprovar a tal da&nbsp;Previd\u00eancia, para f\u2026&nbsp;com o pobre. N\u00f3s estamos f\u2026, essa \u00e9 a realidade&#8221;.&nbsp;<\/p>\n\n\n\n<figure class=\"wp-block-image\"><img decoding=\"async\" src=\"https:\/\/farm66.staticflickr.com\/65535\/47579780282_b893a97f3a_o.jpg\" alt=\"\"\/><\/figure>\n\n\n\n<figure class=\"wp-block-image\"><img decoding=\"async\" src=\"https:\/\/farm66.staticflickr.com\/65535\/46717134625_c4210b6f63_o.png\" alt=\"\"\/><\/figure>\n\n\n\n<p><br><br>Conversas registradas no dia 17 de abril (Reprodu\u00e7\u00e3o\/Whatsapp)<\/p>\n\n\n\n<p>Em maio de 2018, os caminhoneiros fizeram uma das maiores greves da hist\u00f3ria do pa\u00eds, reivindicando que a al\u00edquota do PIS\/Pasep e o Cofins fosse zerada e que houvesse&nbsp;a isen\u00e7\u00e3o do imposto que incide sobre combust\u00edveis, o CIDE.&nbsp;<\/p>\n\n\n\n<p>A paralisa\u00e7\u00e3o ocorreu durante o governo Temer (MDB), em meio a uma\u00a0mudan\u00e7a na pol\u00edtica de\u00a0pre\u00e7os do petr\u00f3leo\u00a0que levaria \u00e0 queda do ent\u00e3o presidente da Petrobras, Pedro Parente.<\/p>\n\n\n\n<p>Brasil de Fato<\/p>\n","protected":false},"excerpt":{"rendered":"<p>Paralisa\u00e7\u00e3o estava sinalizada para 21 de maio, mas confirma\u00e7\u00e3o do aumento do pre\u00e7o do diesel pode antecipar planejamento dos condutores \/ Foto: Divulga\u00e7\u00e3o \/ Petrobras Nesta quarta-feira (17), a Petrobras anunciou, por meio de seu presidente,\u00a0Roberto Castello Branco, um acr\u00e9scimo de R$ 0,10 no pre\u00e7o do diesel, elevando o valor do combust\u00edvel para R$ 2,24 [&hellip;]<\/p>\n","protected":false},"author":2,"featured_media":7221,"comment_status":"open","ping_status":"open","sticky":false,"template":"","format":"standard","meta":{"advanced_seo_description":"","jetpack_seo_html_title":"","jetpack_seo_noindex":false,"_jetpack_memberships_contains_paid_content":false,"footnotes":""},"categories":[40],"tags":[],"class_list":{"0":"post-7220","1":"post","2":"type-post","3":"status-publish","4":"format-standard","5":"has-post-thumbnail","7":"category-destaques"},"jetpack_featured_media_url":"https:\/\/www.paranapraia.com.br\/wp-content\/uploads\/2019\/04\/pet.jpg","jetpack_sharing_enabled":true,"_links":{"self":[{"href":"https:\/\/www.paranapraia.com.br\/index.php\/wp-json\/wp\/v2\/posts\/7220"}],"collection":[{"href":"https:\/\/www.paranapraia.com.br\/index.php\/wp-json\/wp\/v2\/posts"}],"about":[{"href":"https:\/\/www.paranapraia.com.br\/index.php\/wp-json\/wp\/v2\/types\/post"}],"author":[{"embeddable":true,"href":"https:\/\/www.paranapraia.com.br\/index.php\/wp-json\/wp\/v2\/users\/2"}],"replies":[{"embeddable":true,"href":"https:\/\/www.paranapraia.com.br\/index.php\/wp-json\/wp\/v2\/comments?post=7220"}],"version-history":[{"count":1,"href":"https:\/\/www.paranapraia.com.br\/index.php\/wp-json\/wp\/v2\/posts\/7220\/revisions"}],"predecessor-version":[{"id":7222,"href":"https:\/\/www.paranapraia.com.br\/index.php\/wp-json\/wp\/v2\/posts\/7220\/revisions\/7222"}],"wp:featuredmedia":[{"embeddable":true,"href":"https:\/\/www.paranapraia.com.br\/index.php\/wp-json\/wp\/v2\/media\/7221"}],"wp:attachment":[{"href":"https:\/\/www.paranapraia.com.br\/index.php\/wp-json\/wp\/v2\/media?parent=7220"}],"wp:term":[{"taxonomy":"category","embeddable":true,"href":"https:\/\/www.paranapraia.com.br\/index.php\/wp-json\/wp\/v2\/categories?post=7220"},{"taxonomy":"post_tag","embeddable":true,"href":"https:\/\/www.paranapraia.com.br\/index.php\/wp-json\/wp\/v2\/tags?post=7220"}],"curies":[{"name":"wp","href":"https:\/\/api.w.org\/{rel}","templated":true}]}}