{"id":72175,"date":"2025-09-16T13:04:52","date_gmt":"2025-09-16T16:04:52","guid":{"rendered":"https:\/\/www.paranapraia.com.br\/?p=72175"},"modified":"2025-09-16T13:04:54","modified_gmt":"2025-09-16T16:04:54","slug":"cuidados-na-menopausa-sus-oferece-consultas-e-apoio-a-saude-da-mulher-no-parana","status":"publish","type":"post","link":"https:\/\/www.paranapraia.com.br\/index.php\/2025\/09\/16\/cuidados-na-menopausa-sus-oferece-consultas-e-apoio-a-saude-da-mulher-no-parana\/","title":{"rendered":"Cuidados na menopausa: SUS oferece consultas e apoio \u00e0 sa\u00fade da mulher no Paran\u00e1"},"content":{"rendered":"\n<p>O Governo do Paran\u00e1, por meio da Secretaria de Estado da Sa\u00fade (Sesa), refor\u00e7a a import\u00e2ncia do acompanhamento e tratamento integral da mulher para garantir bem-estar e qualidade de vida em todas as fases da vida. No climat\u00e9rio, per\u00edodo de transi\u00e7\u00e3o do per\u00edodo reprodutivo para o n\u00e3o reprodutivo, n\u00e3o \u00e9 diferente.<\/p>\n\n\n\n<p>O climat\u00e9rio engloba a pr\u00e9-menopausa, a pr\u00f3pria menopausa (\u00faltima menstrua\u00e7\u00e3o) e a p\u00f3s-menopausa. \u00c9 no climat\u00e9rio que ocorre a diminui\u00e7\u00e3o das fun\u00e7\u00f5es ovarianas, fazendo com que os ciclos menstruais se tornem irregulares, at\u00e9 cessarem por completo. Estatisticamente, a menopausa ocorre em m\u00e9dia aos 50 anos. O climat\u00e9rio tem in\u00edcio por volta dos 40 anos e se estende at\u00e9 os 65 anos.<\/p>\n\n\n\n<p>O Sistema \u00danico de Sa\u00fade (SUS) do Paran\u00e1 oferece consultas de rotina, exames e acompanhamento da equipe de sa\u00fade para mulheres nessa fase da vida. A rede estadual de sa\u00fade&nbsp;disponibiliza uma lista de medicamentos para tratamento de alguns sintomas apresentados no per\u00edodo do climat\u00e9rio, bem como exames preventivos, acompanhamento ginecol\u00f3gico e rastreio de doen\u00e7as relacionadas ao climat\u00e9rio, como osteoporose e c\u00e2ncer colorretal.<\/p>\n\n\n\n<p>\u201cEssa fase da vida exige cuidado e aten\u00e7\u00e3o. Procuramos, permanentemente,&nbsp;aprimorar esses servi\u00e7os no SUS.&nbsp;Temos como uma das prioridades o desenvolvimento da Pol\u00edtica Estadual de Aten\u00e7\u00e3o Integral \u00e0 Sa\u00fade da Mulher, com a\u00e7\u00f5es que organizam o atendimento da popula\u00e7\u00e3o feminina em todas as etapas da vida\u201d, disse o secret\u00e1rio de Estado da Sa\u00fade, Beto Preto.<\/p>\n\n\n\n<p>As mulheres s\u00e3o atendidas conforme o fluxo assistencial estabelecido, sendo a Unidade B\u00e1sica de Sa\u00fade (UBS) a porta de entrada para o cuidado integral. Os atendimentos disp\u00f5em de equipes multiprofissionais, formadas por m\u00e9dicos, enfermeiros e psic\u00f3logos, especializadas no acompanhamento de mulheres que est\u00e3o vivenciando o climat\u00e9rio. As pacientes recebem orienta\u00e7\u00f5es sobre os tratamentos oferecidos e qual o mais adequado para sua necessidade.<\/p>\n\n\n\n<p>De acordo com a chefe da Divis\u00e3o de Aten\u00e7\u00e3o \u00e0 Sa\u00fade da Mulher da Sesa, Carolina Poliquesi, o Paran\u00e1 segue os protocolos da Federa\u00e7\u00e3o Brasileira das Associa\u00e7\u00f5es de Ginecologia e Obstetr\u00edcia (Febrasgo), bem como as orienta\u00e7\u00f5es e diretrizes do Minist\u00e9rio da Sa\u00fade.<\/p>\n\n\n\n<p>\u201cA linha de cuidado integral \u00e0 sa\u00fade da mulher est\u00e1 prevista no Plano Estadual de Sa\u00fade como uma meta, com suas respectivas a\u00e7\u00f5es. Especificamente sobre o climat\u00e9rio, as mulheres viver\u00e3o esta fase de forma diversa, ou seja, dependendo de onde se encontram\u201d, explica.<\/p>\n\n\n\n<p>\u201cAs mulheres que est\u00e3o no meio urbano, no meio rural, as mulheres privadas de liberdade, as mulheres com defici\u00eancia, por exemplo, precisam ser vistas na sua respectiva caracter\u00edstica, com um cuidado integral a cada uma delas\u201d, acrescenta Carolina.<\/p>\n\n\n\n<p><strong>REDE DE APOIO<\/strong>&nbsp;\u2013 De 2022 a 2024, houve um aumento no n\u00famero de atendimentos realizados por m\u00e9dicos e enfermeiros no Paran\u00e1 relacionados ao climat\u00e9rio. Considerando a&nbsp;Aten\u00e7\u00e3o&nbsp;Prim\u00e1ria em&nbsp;Sa\u00fade (APS), Aten\u00e7\u00e3o Ambulatorial e Assist\u00eancia Hospitalar, foram contabilizados 102.491 registros no per\u00edodo. Em 2022 foram 28.741, em 2023, 34.746 e no ano passado 39.004 atendimentos de mulheres entre 40 e 65 anos no climat\u00e9rio.<\/p>\n\n\n\n<p>\u201cMuitas mulheres vivenciam o climat\u00e9rio sem sintomas relevantes ou necessidade de tratamento. Outras apresentam sinais de diferentes formas e intensidades. Em todos os casos, \u00e9 essencial o acompanhamento profissional\u201d, destaca Carolina.<\/p>\n\n\n\n<p><strong>SINTOMAS E CUIDADOS<\/strong>&nbsp;\u2013&nbsp;Cuidados b\u00e1sicos com a sa\u00fade, como a pr\u00e1tica de exerc\u00edcios, alimenta\u00e7\u00e3o saud\u00e1vel e melhora na qualidade do sono s\u00e3o formas de aliviar os sintomas.<\/p>\n\n\n\n<p>Algumas mulheres nessa fase podem sentir ondas de calor, acompanhadas de transpira\u00e7\u00e3o, tonturas e palpita\u00e7\u00f5es; suores noturnos; altera\u00e7\u00f5es no sono; altera\u00e7\u00f5es de humor (irritabilidade; depress\u00e3o); altera\u00e7\u00f5es nos \u00f3rg\u00e3os sexuais, como coceira e secura da mucosa vaginal; irregularidades menstruais; diminui\u00e7\u00e3o da libido; desconforto durante as rela\u00e7\u00f5es sexuais; diminui\u00e7\u00e3o do tamanho das mamas e perda da firmeza; altera\u00e7\u00f5es na pele e cabelos; aumento da gordura circulante no sangue; aumento da porosidade dos ossos tornando-os mais fr\u00e1geis (osteoporose); dores nas articula\u00e7\u00f5es e aumento da gordura abdominal.<\/p>\n\n\n\n<p>AEN\/PR<\/p>\n","protected":false},"excerpt":{"rendered":"<p>O Governo do Paran\u00e1, por meio da Secretaria de Estado da Sa\u00fade (Sesa), refor\u00e7a a import\u00e2ncia do acompanhamento e tratamento integral da mulher para garantir bem-estar e qualidade de vida em todas as fases da vida. No climat\u00e9rio, per\u00edodo de transi\u00e7\u00e3o do per\u00edodo reprodutivo para o n\u00e3o reprodutivo, n\u00e3o \u00e9 diferente. O climat\u00e9rio engloba a [&hellip;]<\/p>\n","protected":false},"author":2,"featured_media":72176,"comment_status":"open","ping_status":"open","sticky":false,"template":"","format":"standard","meta":{"advanced_seo_description":"","jetpack_seo_html_title":"","jetpack_seo_noindex":false,"_jetpack_memberships_contains_paid_content":false,"footnotes":""},"categories":[50],"tags":[],"class_list":{"0":"post-72175","1":"post","2":"type-post","3":"status-publish","4":"format-standard","5":"has-post-thumbnail","7":"category-saude"},"jetpack_featured_media_url":"https:\/\/www.paranapraia.com.br\/wp-content\/uploads\/2025\/09\/0d9a1829-scaled.jpg","jetpack_sharing_enabled":true,"_links":{"self":[{"href":"https:\/\/www.paranapraia.com.br\/index.php\/wp-json\/wp\/v2\/posts\/72175"}],"collection":[{"href":"https:\/\/www.paranapraia.com.br\/index.php\/wp-json\/wp\/v2\/posts"}],"about":[{"href":"https:\/\/www.paranapraia.com.br\/index.php\/wp-json\/wp\/v2\/types\/post"}],"author":[{"embeddable":true,"href":"https:\/\/www.paranapraia.com.br\/index.php\/wp-json\/wp\/v2\/users\/2"}],"replies":[{"embeddable":true,"href":"https:\/\/www.paranapraia.com.br\/index.php\/wp-json\/wp\/v2\/comments?post=72175"}],"version-history":[{"count":1,"href":"https:\/\/www.paranapraia.com.br\/index.php\/wp-json\/wp\/v2\/posts\/72175\/revisions"}],"predecessor-version":[{"id":72177,"href":"https:\/\/www.paranapraia.com.br\/index.php\/wp-json\/wp\/v2\/posts\/72175\/revisions\/72177"}],"wp:featuredmedia":[{"embeddable":true,"href":"https:\/\/www.paranapraia.com.br\/index.php\/wp-json\/wp\/v2\/media\/72176"}],"wp:attachment":[{"href":"https:\/\/www.paranapraia.com.br\/index.php\/wp-json\/wp\/v2\/media?parent=72175"}],"wp:term":[{"taxonomy":"category","embeddable":true,"href":"https:\/\/www.paranapraia.com.br\/index.php\/wp-json\/wp\/v2\/categories?post=72175"},{"taxonomy":"post_tag","embeddable":true,"href":"https:\/\/www.paranapraia.com.br\/index.php\/wp-json\/wp\/v2\/tags?post=72175"}],"curies":[{"name":"wp","href":"https:\/\/api.w.org\/{rel}","templated":true}]}}