{"id":72159,"date":"2025-09-16T10:59:31","date_gmt":"2025-09-16T13:59:31","guid":{"rendered":"https:\/\/www.paranapraia.com.br\/?p=72159"},"modified":"2025-09-16T10:59:33","modified_gmt":"2025-09-16T13:59:33","slug":"o-corpo-pos-ozempic-e-a-corrida-por-tratamentos-esteticos-nao-invasivos","status":"publish","type":"post","link":"https:\/\/www.paranapraia.com.br\/index.php\/2025\/09\/16\/o-corpo-pos-ozempic-e-a-corrida-por-tratamentos-esteticos-nao-invasivos\/","title":{"rendered":"O corpo p\u00f3s-Ozempic e a corrida por tratamentos est\u00e9ticos n\u00e3o invasivos"},"content":{"rendered":"\n<p><em>Avan\u00e7o tecnol\u00f3gico e mudan\u00e7a de mentalidade colocam o Brasil entre os l\u00edderes da est\u00e9tica mundial<\/em><\/p>\n\n\n\n<p>O Ozempic, Mounjauro e outros medicamentos \u00e0 base de semaglutida mudaram a forma como milh\u00f5es de pessoas lidam com a balan\u00e7a. Em 2024, as vendas globais ultrapassaram US$ 21 bilh\u00f5es, segundo a consultoria IQVIA, consolidando a \u201cinje\u00e7\u00e3o da magreza\u201d como fen\u00f4meno mundial. Mas junto com a perda r\u00e1pida de peso, surgem novos dilemas diante do espelho: flacidez, queda na produ\u00e7\u00e3o de col\u00e1geno e altera\u00e7\u00f5es no contorno corporal.<\/p>\n\n\n\n<p>E, qual a solu\u00e7\u00e3o para essa quest\u00e3o? \u00c9 a\u00ed que entram os procedimentos est\u00e9ticos n\u00e3o invasivos, cada vez mais procurados por quem quer alinhar sa\u00fade metab\u00f3lica e autoestima. \u201cO paciente p\u00f3s-semaglutida atinge sua meta na balan\u00e7a, mas muitas vezes, sente que a pele n\u00e3o acompanhou essa transforma\u00e7\u00e3o. Hoje, cl\u00ednicas de est\u00e9tica equipadas com tecnologias que devolvem firmeza, estimulam col\u00e1geno e reequilibram a harmonia do rosto e do corpo sem bisturi est\u00e3o cada vez mais presentes na vida desses brasileiros\u201d, explica Claudio Winkler, especialista internacional em equipamentos m\u00e9dicos est\u00e9ticos.<\/p>\n\n\n\n<p>Entre os tratamentos mais procurados est\u00e3o:<\/p>\n\n\n\n<p><strong>Radiofrequ\u00eancia multipolar:<\/strong>&nbsp;aquece as camadas profundas da pele, estimulando a produ\u00e7\u00e3o de col\u00e1geno e melhorando a firmeza.<\/p>\n\n\n\n<p><strong>Ultrassom microfocado:<\/strong>&nbsp;atua em pontos estrat\u00e9gicos das camadas da pele para efeito lifting, muito usado na regi\u00e3o da papada e mand\u00edbula.<\/p>\n\n\n\n<p><strong>Laser fracionado n\u00e3o ablativo:<\/strong>&nbsp;indicado para melhorar textura, poros e estimular renova\u00e7\u00e3o celular.<\/p>\n\n\n\n<p><strong>Tecnologias h\u00edbridas de radiofrequ\u00eancia com microagulhamento:<\/strong>&nbsp;combinam est\u00edmulo mec\u00e2nico e energia para tratar flacidez intensa.<\/p>\n\n\n\n<p>Esses recursos j\u00e1 s\u00e3o chamados de&nbsp;<em>p\u00f3s-tratamentos do emagrecimento acelerado<\/em>. Cl\u00ednicas relatam aumento expressivo na procura por protocolos combinados, que integram radiofrequ\u00eancia corporal e ultrassom facial para devolver sustenta\u00e7\u00e3o \u00e0 pele. \u201cEstamos diante de um novo ciclo da est\u00e9tica, em que emagrecer \u00e9 apenas a primeira etapa. A segunda \u00e9 reconectar o corpo \u00e0 autoimagem. Os tratamentos n\u00e3o invasivos se tornam parte essencial dessa jornada, trazendo resultados seguros e naturais\u201d, afirma Winkler.<\/p>\n\n\n\n<p>A tend\u00eancia n\u00e3o \u00e9 passageira. Para o especialista, a chamada \u201cgera\u00e7\u00e3o p\u00f3s-Ozempic\u201d vai transformar a forma como a sociedade encara beleza e longevidade. \u201cN\u00e3o falamos s\u00f3 de est\u00e9tica, mas de bem-estar emocional. Olhar no espelho e se reconhecer faz parte do processo de sa\u00fade integral\u201d, conclui.<\/p>\n\n\n\n<p>Assessoria<\/p>\n","protected":false},"excerpt":{"rendered":"<p>Avan\u00e7o tecnol\u00f3gico e mudan\u00e7a de mentalidade colocam o Brasil entre os l\u00edderes da est\u00e9tica mundial O Ozempic, Mounjauro e outros medicamentos \u00e0 base de semaglutida mudaram a forma como milh\u00f5es de pessoas lidam com a balan\u00e7a. Em 2024, as vendas globais ultrapassaram US$ 21 bilh\u00f5es, segundo a consultoria IQVIA, consolidando a \u201cinje\u00e7\u00e3o da magreza\u201d como [&hellip;]<\/p>\n","protected":false},"author":2,"featured_media":72160,"comment_status":"open","ping_status":"open","sticky":false,"template":"","format":"standard","meta":{"advanced_seo_description":"","jetpack_seo_html_title":"","jetpack_seo_noindex":false,"_jetpack_memberships_contains_paid_content":false,"footnotes":""},"categories":[40],"tags":[],"class_list":{"0":"post-72159","1":"post","2":"type-post","3":"status-publish","4":"format-standard","5":"has-post-thumbnail","7":"category-destaques"},"jetpack_featured_media_url":"https:\/\/www.paranapraia.com.br\/wp-content\/uploads\/2025\/09\/ChatGPT-Image-16-de-set.-de-2025-10_58_36.png","jetpack_sharing_enabled":true,"_links":{"self":[{"href":"https:\/\/www.paranapraia.com.br\/index.php\/wp-json\/wp\/v2\/posts\/72159"}],"collection":[{"href":"https:\/\/www.paranapraia.com.br\/index.php\/wp-json\/wp\/v2\/posts"}],"about":[{"href":"https:\/\/www.paranapraia.com.br\/index.php\/wp-json\/wp\/v2\/types\/post"}],"author":[{"embeddable":true,"href":"https:\/\/www.paranapraia.com.br\/index.php\/wp-json\/wp\/v2\/users\/2"}],"replies":[{"embeddable":true,"href":"https:\/\/www.paranapraia.com.br\/index.php\/wp-json\/wp\/v2\/comments?post=72159"}],"version-history":[{"count":1,"href":"https:\/\/www.paranapraia.com.br\/index.php\/wp-json\/wp\/v2\/posts\/72159\/revisions"}],"predecessor-version":[{"id":72161,"href":"https:\/\/www.paranapraia.com.br\/index.php\/wp-json\/wp\/v2\/posts\/72159\/revisions\/72161"}],"wp:featuredmedia":[{"embeddable":true,"href":"https:\/\/www.paranapraia.com.br\/index.php\/wp-json\/wp\/v2\/media\/72160"}],"wp:attachment":[{"href":"https:\/\/www.paranapraia.com.br\/index.php\/wp-json\/wp\/v2\/media?parent=72159"}],"wp:term":[{"taxonomy":"category","embeddable":true,"href":"https:\/\/www.paranapraia.com.br\/index.php\/wp-json\/wp\/v2\/categories?post=72159"},{"taxonomy":"post_tag","embeddable":true,"href":"https:\/\/www.paranapraia.com.br\/index.php\/wp-json\/wp\/v2\/tags?post=72159"}],"curies":[{"name":"wp","href":"https:\/\/api.w.org\/{rel}","templated":true}]}}