{"id":72151,"date":"2025-09-16T10:48:10","date_gmt":"2025-09-16T13:48:10","guid":{"rendered":"https:\/\/www.paranapraia.com.br\/?p=72151"},"modified":"2025-09-16T10:48:12","modified_gmt":"2025-09-16T13:48:12","slug":"prefeitura-de-pontal-do-parana-promove-capacitacao-para-vendedores-ambulantes","status":"publish","type":"post","link":"https:\/\/www.paranapraia.com.br\/index.php\/2025\/09\/16\/prefeitura-de-pontal-do-parana-promove-capacitacao-para-vendedores-ambulantes\/","title":{"rendered":"Prefeitura de Pontal do Paran\u00e1 promove capacita\u00e7\u00e3o para vendedores ambulantes"},"content":{"rendered":"\n<p>Na <a><\/a>noite de ontem (15), a Vigil\u00e2ncia Sanit\u00e1ria da Prefeitura de Pontal do Paran\u00e1 realizou uma palestra voltada aos vendedores ambulantes do Setor 1, com foco nas boas pr\u00e1ticas em manipula\u00e7\u00e3o de alimentos.<\/p>\n\n\n\n<p>A atividade aconteceu no Centro de Capacita\u00e7\u00e3o, em Praia de Leste, reunindo trabalhadores do munic\u00edpio que atuam principalmente na temporada de ver\u00e3o, levando seus servi\u00e7os diretamente \u00e0 areia da praia.<\/p>\n\n\n\n<p>Atualmente, os ambulantes est\u00e3o distribu\u00eddos em cinco setores de trabalho: Setor 1, Setor 2, Setor 3, Setor 4 e o Setor Livre, organizando a atua\u00e7\u00e3o ao longo da orla de Pontal do Paran\u00e1.<\/p>\n\n\n\n<p>Durante as duas horas de encontro, os participantes receberam orienta\u00e7\u00f5es sobre higiene, conserva\u00e7\u00e3o adequada dos alimentos e formas de garantir mais seguran\u00e7a e qualidade no atendimento ao p\u00fablico.<\/p>\n\n\n\n<p>Al\u00e9m de aprender t\u00e9cnicas importantes de manipula\u00e7\u00e3o de alimentos, os ambulantes de Pontal do Paran\u00e1 tiveram a oportunidade de trocar experi\u00eancias e ampliar conhecimentos para melhorar seus neg\u00f3cios.<\/p>\n\n\n\n<p>A iniciativa foi promovida pela Prefeitura de Pontal do Paran\u00e1, por meio da Secretaria Municipal de Turismo e Desenvolvimento Econ\u00f4mico, da Sala do Empreendedor, em parceria com o Sebrae.<\/p>\n\n\n\n<p>Prefeitura de Pontal do Paran\u00e1<\/p>\n","protected":false},"excerpt":{"rendered":"<p>Na noite de ontem (15), a Vigil\u00e2ncia Sanit\u00e1ria da Prefeitura de Pontal do Paran\u00e1 realizou uma palestra voltada aos vendedores ambulantes do Setor 1, com foco nas boas pr\u00e1ticas em manipula\u00e7\u00e3o de alimentos. A atividade aconteceu no Centro de Capacita\u00e7\u00e3o, em Praia de Leste, reunindo trabalhadores do munic\u00edpio que atuam principalmente na temporada de ver\u00e3o, [&hellip;]<\/p>\n","protected":false},"author":2,"featured_media":72152,"comment_status":"open","ping_status":"open","sticky":false,"template":"","format":"standard","meta":{"advanced_seo_description":"","jetpack_seo_html_title":"","jetpack_seo_noindex":false,"_jetpack_memberships_contains_paid_content":false,"footnotes":""},"categories":[65],"tags":[],"class_list":{"0":"post-72151","1":"post","2":"type-post","3":"status-publish","4":"format-standard","5":"has-post-thumbnail","7":"category-pontal-do-parana"},"jetpack_featured_media_url":"https:\/\/www.paranapraia.com.br\/wp-content\/uploads\/2025\/09\/548474389_1133386122223677_6745601364942674604_n.jpg","jetpack_sharing_enabled":true,"_links":{"self":[{"href":"https:\/\/www.paranapraia.com.br\/index.php\/wp-json\/wp\/v2\/posts\/72151"}],"collection":[{"href":"https:\/\/www.paranapraia.com.br\/index.php\/wp-json\/wp\/v2\/posts"}],"about":[{"href":"https:\/\/www.paranapraia.com.br\/index.php\/wp-json\/wp\/v2\/types\/post"}],"author":[{"embeddable":true,"href":"https:\/\/www.paranapraia.com.br\/index.php\/wp-json\/wp\/v2\/users\/2"}],"replies":[{"embeddable":true,"href":"https:\/\/www.paranapraia.com.br\/index.php\/wp-json\/wp\/v2\/comments?post=72151"}],"version-history":[{"count":1,"href":"https:\/\/www.paranapraia.com.br\/index.php\/wp-json\/wp\/v2\/posts\/72151\/revisions"}],"predecessor-version":[{"id":72153,"href":"https:\/\/www.paranapraia.com.br\/index.php\/wp-json\/wp\/v2\/posts\/72151\/revisions\/72153"}],"wp:featuredmedia":[{"embeddable":true,"href":"https:\/\/www.paranapraia.com.br\/index.php\/wp-json\/wp\/v2\/media\/72152"}],"wp:attachment":[{"href":"https:\/\/www.paranapraia.com.br\/index.php\/wp-json\/wp\/v2\/media?parent=72151"}],"wp:term":[{"taxonomy":"category","embeddable":true,"href":"https:\/\/www.paranapraia.com.br\/index.php\/wp-json\/wp\/v2\/categories?post=72151"},{"taxonomy":"post_tag","embeddable":true,"href":"https:\/\/www.paranapraia.com.br\/index.php\/wp-json\/wp\/v2\/tags?post=72151"}],"curies":[{"name":"wp","href":"https:\/\/api.w.org\/{rel}","templated":true}]}}