{"id":72148,"date":"2025-09-16T10:45:36","date_gmt":"2025-09-16T13:45:36","guid":{"rendered":"https:\/\/www.paranapraia.com.br\/?p=72148"},"modified":"2025-09-16T10:45:38","modified_gmt":"2025-09-16T13:45:38","slug":"maior-programa-de-iluminacao-publica-da-historia-de-morretes-e-iniciado","status":"publish","type":"post","link":"https:\/\/www.paranapraia.com.br\/index.php\/2025\/09\/16\/maior-programa-de-iluminacao-publica-da-historia-de-morretes-e-iniciado\/","title":{"rendered":"Maior programa de ilumina\u00e7\u00e3o p\u00fablica da hist\u00f3ria de Morretes \u00e9 iniciado"},"content":{"rendered":"\n<p>A Prefeitura de Morretes iniciou o maior programa de amplia\u00e7\u00e3o da ilumina\u00e7\u00e3o p\u00fablica j\u00e1 realizado no munic\u00edpio. A a\u00e7\u00e3o \u00e9 desenvolvida em parceria com o Governo do Estado e a Copel (Companhia Paranaense de Energia), com recursos municipais aplicados para modernizar e ampliar a rede em diversas localidades.<\/p>\n\n\n\n<p>O trabalho acontece em duas etapas. Primeiro, a Copel realiza o reposicionamento dos postes, aproximando-os das ruas e estradas, al\u00e9m da instala\u00e7\u00e3o da rede de baixa tens\u00e3o. Na sequ\u00eancia, a Prefeitura far\u00e1 a instala\u00e7\u00e3o de ilumina\u00e7\u00e3o em LED, substituindo as l\u00e2mpadas antigas por modelos mais modernos e eficientes.<\/p>\n\n\n\n<p>As comunidades contempladas s\u00e3o: Barro Branco \u2013 Onze de Mar\u00e7o, Sambaqui, Bananal e Col\u00f4nia Marques, Vila das Palmeiras, Central, Fortaleza \u2013 Ponte Molhada, Rua Maria Raquel Porcides, Prainhas, Pindauva, Mundo Novo, Bom Jardim, Itapecuru, S\u00e3o Jo\u00e3o (sentido Antonina), Raia Velha, Cruz Alta, Pantanal, Babau \u2013 Anhaia \u2013 Fortaleza, Ponte Alta, Ponte Seca, Barreiros e Am\u00e9rica \u2013 Marumbi.<\/p>\n\n\n\n<p>Prefeitura de Morretes<\/p>\n","protected":false},"excerpt":{"rendered":"<p>A Prefeitura de Morretes iniciou o maior programa de amplia\u00e7\u00e3o da ilumina\u00e7\u00e3o p\u00fablica j\u00e1 realizado no munic\u00edpio. A a\u00e7\u00e3o \u00e9 desenvolvida em parceria com o Governo do Estado e a Copel (Companhia Paranaense de Energia), com recursos municipais aplicados para modernizar e ampliar a rede em diversas localidades. O trabalho acontece em duas etapas. Primeiro, [&hellip;]<\/p>\n","protected":false},"author":2,"featured_media":72149,"comment_status":"open","ping_status":"open","sticky":false,"template":"","format":"standard","meta":{"advanced_seo_description":"","jetpack_seo_html_title":"","jetpack_seo_noindex":false,"_jetpack_memberships_contains_paid_content":false,"footnotes":""},"categories":[125],"tags":[],"class_list":{"0":"post-72148","1":"post","2":"type-post","3":"status-publish","4":"format-standard","5":"has-post-thumbnail","7":"category-morretes"},"jetpack_featured_media_url":"https:\/\/www.paranapraia.com.br\/wp-content\/uploads\/2025\/09\/whatsapp-image-2025-09-15-at-162433.jpg","jetpack_sharing_enabled":true,"_links":{"self":[{"href":"https:\/\/www.paranapraia.com.br\/index.php\/wp-json\/wp\/v2\/posts\/72148"}],"collection":[{"href":"https:\/\/www.paranapraia.com.br\/index.php\/wp-json\/wp\/v2\/posts"}],"about":[{"href":"https:\/\/www.paranapraia.com.br\/index.php\/wp-json\/wp\/v2\/types\/post"}],"author":[{"embeddable":true,"href":"https:\/\/www.paranapraia.com.br\/index.php\/wp-json\/wp\/v2\/users\/2"}],"replies":[{"embeddable":true,"href":"https:\/\/www.paranapraia.com.br\/index.php\/wp-json\/wp\/v2\/comments?post=72148"}],"version-history":[{"count":1,"href":"https:\/\/www.paranapraia.com.br\/index.php\/wp-json\/wp\/v2\/posts\/72148\/revisions"}],"predecessor-version":[{"id":72150,"href":"https:\/\/www.paranapraia.com.br\/index.php\/wp-json\/wp\/v2\/posts\/72148\/revisions\/72150"}],"wp:featuredmedia":[{"embeddable":true,"href":"https:\/\/www.paranapraia.com.br\/index.php\/wp-json\/wp\/v2\/media\/72149"}],"wp:attachment":[{"href":"https:\/\/www.paranapraia.com.br\/index.php\/wp-json\/wp\/v2\/media?parent=72148"}],"wp:term":[{"taxonomy":"category","embeddable":true,"href":"https:\/\/www.paranapraia.com.br\/index.php\/wp-json\/wp\/v2\/categories?post=72148"},{"taxonomy":"post_tag","embeddable":true,"href":"https:\/\/www.paranapraia.com.br\/index.php\/wp-json\/wp\/v2\/tags?post=72148"}],"curies":[{"name":"wp","href":"https:\/\/api.w.org\/{rel}","templated":true}]}}