{"id":72145,"date":"2025-09-16T10:41:54","date_gmt":"2025-09-16T13:41:54","guid":{"rendered":"https:\/\/www.paranapraia.com.br\/?p=72145"},"modified":"2025-09-16T10:41:56","modified_gmt":"2025-09-16T13:41:56","slug":"escolas-municipais-de-morretes-realizam-feira-de-empreendedorismo-em-parceria-com-o-sebrae","status":"publish","type":"post","link":"https:\/\/www.paranapraia.com.br\/index.php\/2025\/09\/16\/escolas-municipais-de-morretes-realizam-feira-de-empreendedorismo-em-parceria-com-o-sebrae\/","title":{"rendered":"Escolas municipais de Morretes realizam Feira de Empreendedorismo em parceria com o Sebrae"},"content":{"rendered":"\n<p>As escolas municipais Miguel Schleder, Dulce Seroa, Luiz Fernando, Desauda Bosco, Esmeralda e Elias Abra\u00e3o promoveram a Feira de Empreendedorismo, realizada em parceria com o Sebrae. A iniciativa integrou teoria e pr\u00e1tica, contemplando o estudo dos conte\u00fados relacionados ao empreendedorismo e sua aplica\u00e7\u00e3o por meio da comercializa\u00e7\u00e3o de produtos desenvolvidos pelos alunos.<\/p>\n\n\n\n<p>A a\u00e7\u00e3o faz parte do projeto Jovens Empreendedores Primeiros Passos (JEPP), implantado na rede municipal de ensino com apoio do Sebrae. O programa tem como objetivo incentivar a educa\u00e7\u00e3o empreendedora desde os primeiros anos escolares, abordando temas como organiza\u00e7\u00e3o, planejamento, responsabilidade financeira e protagonismo juvenil.<\/p>\n\n\n\n<p>A Feira de Empreendedorismo reuniu estudantes do ensino fundamental, professores e fam\u00edlias, em um espa\u00e7o aberto para exposi\u00e7\u00e3o e venda de produtos criados pelos alunos. Cada escola participante desenvolveu atividades espec\u00edficas em sala de aula antes da realiza\u00e7\u00e3o do evento, permitindo que os estudantes aplicassem na pr\u00e1tica os conceitos aprendidos.<\/p>\n\n\n\n<p>De acordo com a Secretaria Municipal de Educa\u00e7\u00e3o (Semed), a proposta \u00e9 consolidar a iniciativa como parte do calend\u00e1rio pedag\u00f3gico, ampliando o n\u00famero de estudantes beneficiados a cada ano.<\/p>\n\n\n\n<p>O projeto \u00e9 resultado da parceria entre a Prefeitura de Morretes e o Sebrae\/PR, que tamb\u00e9m mant\u00e9m no munic\u00edpio a Sala do Empreendedor, oferecendo apoio t\u00e9cnico e orienta\u00e7\u00e3o para microempreendedores individuais e iniciativas locais.<\/p>\n\n\n\n<p>Prefeitura de Morretes<\/p>\n","protected":false},"excerpt":{"rendered":"<p>As escolas municipais Miguel Schleder, Dulce Seroa, Luiz Fernando, Desauda Bosco, Esmeralda e Elias Abra\u00e3o promoveram a Feira de Empreendedorismo, realizada em parceria com o Sebrae. A iniciativa integrou teoria e pr\u00e1tica, contemplando o estudo dos conte\u00fados relacionados ao empreendedorismo e sua aplica\u00e7\u00e3o por meio da comercializa\u00e7\u00e3o de produtos desenvolvidos pelos alunos. A a\u00e7\u00e3o faz [&hellip;]<\/p>\n","protected":false},"author":2,"featured_media":72146,"comment_status":"open","ping_status":"open","sticky":false,"template":"","format":"standard","meta":{"advanced_seo_description":"","jetpack_seo_html_title":"","jetpack_seo_noindex":false,"_jetpack_memberships_contains_paid_content":false,"footnotes":""},"categories":[125],"tags":[],"class_list":{"0":"post-72145","1":"post","2":"type-post","3":"status-publish","4":"format-standard","5":"has-post-thumbnail","7":"category-morretes"},"jetpack_featured_media_url":"https:\/\/www.paranapraia.com.br\/wp-content\/uploads\/2025\/09\/whatsapp-image-2025-09-15-at-141443.jpg","jetpack_sharing_enabled":true,"_links":{"self":[{"href":"https:\/\/www.paranapraia.com.br\/index.php\/wp-json\/wp\/v2\/posts\/72145"}],"collection":[{"href":"https:\/\/www.paranapraia.com.br\/index.php\/wp-json\/wp\/v2\/posts"}],"about":[{"href":"https:\/\/www.paranapraia.com.br\/index.php\/wp-json\/wp\/v2\/types\/post"}],"author":[{"embeddable":true,"href":"https:\/\/www.paranapraia.com.br\/index.php\/wp-json\/wp\/v2\/users\/2"}],"replies":[{"embeddable":true,"href":"https:\/\/www.paranapraia.com.br\/index.php\/wp-json\/wp\/v2\/comments?post=72145"}],"version-history":[{"count":1,"href":"https:\/\/www.paranapraia.com.br\/index.php\/wp-json\/wp\/v2\/posts\/72145\/revisions"}],"predecessor-version":[{"id":72147,"href":"https:\/\/www.paranapraia.com.br\/index.php\/wp-json\/wp\/v2\/posts\/72145\/revisions\/72147"}],"wp:featuredmedia":[{"embeddable":true,"href":"https:\/\/www.paranapraia.com.br\/index.php\/wp-json\/wp\/v2\/media\/72146"}],"wp:attachment":[{"href":"https:\/\/www.paranapraia.com.br\/index.php\/wp-json\/wp\/v2\/media?parent=72145"}],"wp:term":[{"taxonomy":"category","embeddable":true,"href":"https:\/\/www.paranapraia.com.br\/index.php\/wp-json\/wp\/v2\/categories?post=72145"},{"taxonomy":"post_tag","embeddable":true,"href":"https:\/\/www.paranapraia.com.br\/index.php\/wp-json\/wp\/v2\/tags?post=72145"}],"curies":[{"name":"wp","href":"https:\/\/api.w.org\/{rel}","templated":true}]}}