{"id":72139,"date":"2025-09-16T10:37:45","date_gmt":"2025-09-16T13:37:45","guid":{"rendered":"https:\/\/www.paranapraia.com.br\/?p=72139"},"modified":"2025-09-16T10:37:47","modified_gmt":"2025-09-16T13:37:47","slug":"litoral-etnico-movimenta-centro-historico-de-morretes","status":"publish","type":"post","link":"https:\/\/www.paranapraia.com.br\/index.php\/2025\/09\/16\/litoral-etnico-movimenta-centro-historico-de-morretes\/","title":{"rendered":"Litoral \u00c9tnico movimenta centro hist\u00f3rico de Morretes"},"content":{"rendered":"\n<p>O centro hist\u00f3rico de Morretes recebeu no s\u00e1bado, 13, o primeiro dia do Litoral \u00c9tnico \u2013 Mostra Folcl\u00f3rica de Morretes. O evento aconteceu na Pra\u00e7a dos Imigrantes e reuniu cerca de 500 pessoas, entre moradores, turistas e comerciantes que acompanharam as apresenta\u00e7\u00f5es culturais.<\/p>\n\n\n\n<p>A abertura contou com a presen\u00e7a de Blanca Hernando Barco, presidente da Aintepar (Associa\u00e7\u00e3o Inter\u00e9tnica do Paran\u00e1), presidente do Centro Espanhol do Paran\u00e1 e c\u00f4nsul honor\u00e1ria da Espanha. Na sequ\u00eancia, o p\u00fablico acompanhou as apresenta\u00e7\u00f5es do Centro Espanhol do Paran\u00e1, do Grupo Folcl\u00f3rico Alte Heimat (dan\u00e7a alem\u00e3) e do grupo Oz M\u00fasica e Dan\u00e7a Cigana.<\/p>\n\n\n\n<p>Paralelamente \u00e0s apresenta\u00e7\u00f5es, ocorreu na pra\u00e7a, ao lado do coreto Jeff Petersen, uma exposi\u00e7\u00e3o tem\u00e1tica com trajes t\u00edpicos, elementos da tradi\u00e7\u00e3o e da cultura, al\u00e9m da integra\u00e7\u00e3o com o com\u00e9rcio local de artesanato e gastronomia.<\/p>\n\n\n\n<p>A programa\u00e7\u00e3o do Litoral \u00c9tnico segue no pr\u00f3ximo s\u00e1bado, 20, com as apresenta\u00e7\u00f5es do grupo Ra\u00edzes de Bol\u00edvia, \u00e0s 13h, e da escola Maisha Bella Dan\u00e7a, \u00e0s 14h. O evento ter\u00e1 continuidade tamb\u00e9m nos dias 11 e 25 de outubro, sempre aos s\u00e1bados, das 13h \u00e0s 16h, no Coreto Jeff Petersen, localizado na Rua das Flores, \u00e0 beira do rio Nhundiaquara.<\/p>\n\n\n\n<p>O Litoral \u00c9tnico \u2013 Mostra Folcl\u00f3rica de Morretes \u00e9 uma realiza\u00e7\u00e3o da Esper &amp; Meschino Produ\u00e7\u00f5es, com recursos da Secretaria de Estado da Cultura (SEEC), por meio do Mecenato Subsidiado\/Programa de Fomento e Incentivo \u00e0 Cultura (PROFICE), e apoio da COPEL. A iniciativa conta ainda com a parceria da Prefeitura de Morretes e das comunidades \u00e9tnicas participantes.<\/p>\n\n\n\n<p>Prefeitura de Morretes<\/p>\n","protected":false},"excerpt":{"rendered":"<p>O centro hist\u00f3rico de Morretes recebeu no s\u00e1bado, 13, o primeiro dia do Litoral \u00c9tnico \u2013 Mostra Folcl\u00f3rica de Morretes. O evento aconteceu na Pra\u00e7a dos Imigrantes e reuniu cerca de 500 pessoas, entre moradores, turistas e comerciantes que acompanharam as apresenta\u00e7\u00f5es culturais. A abertura contou com a presen\u00e7a de Blanca Hernando Barco, presidente da [&hellip;]<\/p>\n","protected":false},"author":2,"featured_media":72140,"comment_status":"open","ping_status":"open","sticky":false,"template":"","format":"standard","meta":{"advanced_seo_description":"","jetpack_seo_html_title":"","jetpack_seo_noindex":false,"_jetpack_memberships_contains_paid_content":false,"footnotes":""},"categories":[125],"tags":[],"class_list":{"0":"post-72139","1":"post","2":"type-post","3":"status-publish","4":"format-standard","5":"has-post-thumbnail","7":"category-morretes"},"jetpack_featured_media_url":"https:\/\/www.paranapraia.com.br\/wp-content\/uploads\/2025\/09\/whatsapp-image-2025-09-15-at-142456-2.jpg","jetpack_sharing_enabled":true,"_links":{"self":[{"href":"https:\/\/www.paranapraia.com.br\/index.php\/wp-json\/wp\/v2\/posts\/72139"}],"collection":[{"href":"https:\/\/www.paranapraia.com.br\/index.php\/wp-json\/wp\/v2\/posts"}],"about":[{"href":"https:\/\/www.paranapraia.com.br\/index.php\/wp-json\/wp\/v2\/types\/post"}],"author":[{"embeddable":true,"href":"https:\/\/www.paranapraia.com.br\/index.php\/wp-json\/wp\/v2\/users\/2"}],"replies":[{"embeddable":true,"href":"https:\/\/www.paranapraia.com.br\/index.php\/wp-json\/wp\/v2\/comments?post=72139"}],"version-history":[{"count":1,"href":"https:\/\/www.paranapraia.com.br\/index.php\/wp-json\/wp\/v2\/posts\/72139\/revisions"}],"predecessor-version":[{"id":72141,"href":"https:\/\/www.paranapraia.com.br\/index.php\/wp-json\/wp\/v2\/posts\/72139\/revisions\/72141"}],"wp:featuredmedia":[{"embeddable":true,"href":"https:\/\/www.paranapraia.com.br\/index.php\/wp-json\/wp\/v2\/media\/72140"}],"wp:attachment":[{"href":"https:\/\/www.paranapraia.com.br\/index.php\/wp-json\/wp\/v2\/media?parent=72139"}],"wp:term":[{"taxonomy":"category","embeddable":true,"href":"https:\/\/www.paranapraia.com.br\/index.php\/wp-json\/wp\/v2\/categories?post=72139"},{"taxonomy":"post_tag","embeddable":true,"href":"https:\/\/www.paranapraia.com.br\/index.php\/wp-json\/wp\/v2\/tags?post=72139"}],"curies":[{"name":"wp","href":"https:\/\/api.w.org\/{rel}","templated":true}]}}