{"id":72133,"date":"2025-09-16T10:33:18","date_gmt":"2025-09-16T13:33:18","guid":{"rendered":"https:\/\/www.paranapraia.com.br\/?p=72133"},"modified":"2025-09-16T10:33:20","modified_gmt":"2025-09-16T13:33:20","slug":"prefeitura-de-paranagua-participa-do-lancamento-do-parana-rosa-e-reforca-acoes-de-prevencao-a-saude-da-mulher","status":"publish","type":"post","link":"https:\/\/www.paranapraia.com.br\/index.php\/2025\/09\/16\/prefeitura-de-paranagua-participa-do-lancamento-do-parana-rosa-e-reforca-acoes-de-prevencao-a-saude-da-mulher\/","title":{"rendered":"Prefeitura de Paranagu\u00e1 participa do lan\u00e7amento do Paran\u00e1 Rosa e refor\u00e7a a\u00e7\u00f5es de preven\u00e7\u00e3o \u00e0 sa\u00fade da mulher"},"content":{"rendered":"\n<p>O prefeito de Paranagu\u00e1, Adriano Ramos, e a vice-prefeita, Fabiana Parro, participaram nesta segunda-feira, dia 15, no Pal\u00e1cio Igua\u00e7u, do lan\u00e7amento da 7\u00aa edi\u00e7\u00e3o do Paran\u00e1 Rosa, campanha estadual voltada \u00e0 sa\u00fade da mulher. A presen\u00e7a das lideran\u00e7as municipais refor\u00e7ou a parceria entre o Munic\u00edpio e o Governo do Estado em a\u00e7\u00f5es que ampliam o cuidado e a preven\u00e7\u00e3o.<\/p>\n\n\n\n<p>A cerim\u00f4nia foi conduzida pelo governador Carlos Massa Ratinho Junior, pela primeira-dama Luciana Saito Massa e pelo secret\u00e1rio de Estado da Sa\u00fade, Beto Preto, que destacaram a import\u00e2ncia da mobiliza\u00e7\u00e3o. Neste ano, o Paran\u00e1 Rosa se estende de setembro a dezembro, com foco no autocuidado, na preven\u00e7\u00e3o e no acesso a servi\u00e7os essenciais de sa\u00fade da mulher, principalmente em rela\u00e7\u00e3o ao c\u00e2ncer de mama e ao c\u00e2ncer do colo do \u00fatero.<\/p>\n\n\n\n<p>Segundo o prefeito Adriano Ramos, a campanha evidencia a import\u00e2ncia de aproximar as pol\u00edticas p\u00fablicas de sa\u00fade da realidade da popula\u00e7\u00e3o. \u201cParanagu\u00e1 se beneficia dessa parceria ao receber a exibi\u00e7\u00e3o do filme \u2018C\u00e2ncer com Ascendente em Virgem\u2019, dentro do projeto Cinema Viver em Cena, que integra o Paran\u00e1 Rosa e une cultura, lazer e preven\u00e7\u00e3o. \u00c9 um cuidado que chega \u00e0s nossas fam\u00edlias e um di\u00e1logo permanente com o Governo do Estado, o que nos d\u00e1 condi\u00e7\u00f5es de ampliar servi\u00e7os e oferecer um atendimento cada vez melhor \u00e0 nossa comunidade\u201d, destacou.<\/p>\n\n\n\n<p>A vice-prefeita Fabiana Parro ressaltou o impacto das a\u00e7\u00f5es. \u201cO cinema vem para sensibilizar, para que a mulher entenda a import\u00e2ncia do autocuidado e desmistifique o c\u00e2ncer. O diagn\u00f3stico precoce salva vidas, e o Paran\u00e1 Rosa traz esse olhar diferenciado, especialmente para as mulheres que muitas vezes est\u00e3o invis\u00edveis em nossos munic\u00edpios\u201d, disse.<\/p>\n\n\n\n<p>O governador Ratinho Junior lembrou que a iniciativa tem car\u00e1ter cont\u00ednuo. \u201cMinha m\u00e3e teve c\u00e2ncer de mama, ent\u00e3o eu sei o quanto uma mulher sofre por causa dessa doen\u00e7a. O Paran\u00e1 Rosa \u00e9 um compromisso do Estado em levar a sa\u00fade cada vez mais perto das pessoas. A ideia \u00e9 que seja uma campanha permanente\u201d, destacou.<\/p>\n\n\n\n<p>Idealizado em 2019 pela primeira-dama do Estado, o programa busca a detec\u00e7\u00e3o precoce do c\u00e2ncer de mama e do colo do \u00fatero. \u201cO Paran\u00e1 Rosa nasceu do desejo profundo de cuidar de cada mulher paranaense como se fosse algu\u00e9m da nossa pr\u00f3pria fam\u00edlia\u201d, afirmou Luciana Saito Massa.<\/p>\n\n\n\n<p>O secret\u00e1rio estadual da Sa\u00fade, Beto Preto, destacou a consolida\u00e7\u00e3o da iniciativa. \u201cO Paran\u00e1 Rosa chega \u00e0 sua s\u00e9tima edi\u00e7\u00e3o com maturidade, alcan\u00e7ando n\u00e3o apenas os grandes centros, mas tamb\u00e9m as regi\u00f5es mais distantes. Nosso objetivo \u00e9 ampliar o acesso ao diagn\u00f3stico e fortalecer a preven\u00e7\u00e3o, garantindo que as mulheres recebam cuidado em todas as etapas\u201d, afirmou.<\/p>\n\n\n\n<p><strong>A\u00e7\u00f5es previstas para o Litoral<\/strong><\/p>\n\n\n\n<p>Uma das novidades \u00e9 a Carreta Sa\u00fade da Mulher, considerada a mais completa do Brasil, que oferecer\u00e1 exames de mamografia, ultrassonografia (mama, transvaginal e tireoide) e citol\u00f3gico (Papanicolau), com laudos r\u00e1pidos e continuidade do tratamento pelo SUS. A unidade atender\u00e1 48 munic\u00edpios, entre eles Antonina, Guaraque\u00e7aba, Matinhos e Morretes, entre 16 de setembro e 12 de dezembro.<\/p>\n\n\n\n<p>Em Paranagu\u00e1, a cidade receber\u00e1 no dia 29 de outubro, \u00e0s 19h, a exibi\u00e7\u00e3o do filme \u201cC\u00e2ncer com Ascendente em Virgem\u201d, de Rosane Svartman, em parceria com o Sesc-PR e a Secretaria da Cultura. Ap\u00f3s a sess\u00e3o, que acontecer\u00e1 no Sesc, haver\u00e1 um bate-papo para refor\u00e7ar a import\u00e2ncia da preven\u00e7\u00e3o.<\/p>\n\n\n\n<p>Al\u00e9m disso, a 1\u00aa Regional de Sa\u00fade de Paranagu\u00e1 receber\u00e1 exemplares das cartilhas do Paran\u00e1 Rosa, com informa\u00e7\u00f5es sobre preven\u00e7\u00e3o, autocuidado e direitos da mulher.<\/p>\n\n\n\n<p><strong>Entrega da imagem de Nossa Senhora do Rocio \u00e0 primeira-dama<\/strong><\/p>\n\n\n\n<p>Ainda durante o lan\u00e7amento do Paran\u00e1 Rosa, o prefeito Adriano Ramos e a vice-prefeita Fabiana Parro entregaram \u00e0 primeira-dama do Estado, Luciana Saito Massa, uma imagem de Nossa Senhora do Rocio coberta com manto rosa, em alus\u00e3o \u00e0 campanha.<\/p>\n\n\n\n<p>O gesto simbolizou o convite oficial para que o governador e a primeira-dama participem da 212.\u00aa Festa Estadual de Nossa Senhora do Rocio, padroeira do Paran\u00e1, que acontecer\u00e1 em novembro em Paranagu\u00e1.<\/p>\n\n\n\n<p>\u201cFoi um momento especial para reafirmar nossa f\u00e9 e refor\u00e7ar o convite para que o governador e a primeira-dama estejam conosco na Missa Campal. A Prefeitura dar\u00e1 total apoio \u00e0 festa, que \u00e9 patrim\u00f4nio do povo paranaense e fortalece o turismo religioso\u201d, destacou o prefeito Adriano Ramos.<\/p>\n\n\n\n<p>A vice-prefeita Fabiana Parro ressaltou o simbolismo do gesto. \u201cA imagem de Nossa Senhora do Rocio, coberta com o manto rosa, representa cuidado, prote\u00e7\u00e3o e f\u00e9 voltados \u00e0s mulheres paranaenses. Foi tamb\u00e9m uma forma de aben\u00e7oar a primeira-dama e reconhecer a aten\u00e7\u00e3o especial que ela tem dedicado \u00e0 sa\u00fade da mulher em todo o Estado\u201d, afirmou.<\/p>\n\n\n\n<p>Tamb\u00e9m estiveram presentes no evento o chefe de Gabinete da Prefeitura, Andr\u00e9 Ferruci, e o vereador Luiz de S\u00e1 Maranh\u00e3o Neto, conhecido como Luizinho Maranh\u00e3o.<\/p>\n\n\n\n<p>Prefeitura de Paranagu\u00e1<\/p>\n","protected":false},"excerpt":{"rendered":"<p>O prefeito de Paranagu\u00e1, Adriano Ramos, e a vice-prefeita, Fabiana Parro, participaram nesta segunda-feira, dia 15, no Pal\u00e1cio Igua\u00e7u, do lan\u00e7amento da 7\u00aa edi\u00e7\u00e3o do Paran\u00e1 Rosa, campanha estadual voltada \u00e0 sa\u00fade da mulher. A presen\u00e7a das lideran\u00e7as municipais refor\u00e7ou a parceria entre o Munic\u00edpio e o Governo do Estado em a\u00e7\u00f5es que ampliam o [&hellip;]<\/p>\n","protected":false},"author":2,"featured_media":72134,"comment_status":"open","ping_status":"open","sticky":false,"template":"","format":"standard","meta":{"advanced_seo_description":"","jetpack_seo_html_title":"","jetpack_seo_noindex":false,"_jetpack_memberships_contains_paid_content":false,"footnotes":""},"categories":[77],"tags":[],"class_list":{"0":"post-72133","1":"post","2":"type-post","3":"status-publish","4":"format-standard","5":"has-post-thumbnail","7":"category-paranagua"},"jetpack_featured_media_url":"https:\/\/www.paranapraia.com.br\/wp-content\/uploads\/2025\/09\/18720.jpg","jetpack_sharing_enabled":true,"_links":{"self":[{"href":"https:\/\/www.paranapraia.com.br\/index.php\/wp-json\/wp\/v2\/posts\/72133"}],"collection":[{"href":"https:\/\/www.paranapraia.com.br\/index.php\/wp-json\/wp\/v2\/posts"}],"about":[{"href":"https:\/\/www.paranapraia.com.br\/index.php\/wp-json\/wp\/v2\/types\/post"}],"author":[{"embeddable":true,"href":"https:\/\/www.paranapraia.com.br\/index.php\/wp-json\/wp\/v2\/users\/2"}],"replies":[{"embeddable":true,"href":"https:\/\/www.paranapraia.com.br\/index.php\/wp-json\/wp\/v2\/comments?post=72133"}],"version-history":[{"count":1,"href":"https:\/\/www.paranapraia.com.br\/index.php\/wp-json\/wp\/v2\/posts\/72133\/revisions"}],"predecessor-version":[{"id":72135,"href":"https:\/\/www.paranapraia.com.br\/index.php\/wp-json\/wp\/v2\/posts\/72133\/revisions\/72135"}],"wp:featuredmedia":[{"embeddable":true,"href":"https:\/\/www.paranapraia.com.br\/index.php\/wp-json\/wp\/v2\/media\/72134"}],"wp:attachment":[{"href":"https:\/\/www.paranapraia.com.br\/index.php\/wp-json\/wp\/v2\/media?parent=72133"}],"wp:term":[{"taxonomy":"category","embeddable":true,"href":"https:\/\/www.paranapraia.com.br\/index.php\/wp-json\/wp\/v2\/categories?post=72133"},{"taxonomy":"post_tag","embeddable":true,"href":"https:\/\/www.paranapraia.com.br\/index.php\/wp-json\/wp\/v2\/tags?post=72133"}],"curies":[{"name":"wp","href":"https:\/\/api.w.org\/{rel}","templated":true}]}}