{"id":72130,"date":"2025-09-16T10:28:27","date_gmt":"2025-09-16T13:28:27","guid":{"rendered":"https:\/\/www.paranapraia.com.br\/?p=72130"},"modified":"2025-09-16T10:28:29","modified_gmt":"2025-09-16T13:28:29","slug":"prefeitura-de-paranagua-promove-semana-nacional-do-transito-com-foco-em-salvar-vidas","status":"publish","type":"post","link":"https:\/\/www.paranapraia.com.br\/index.php\/2025\/09\/16\/prefeitura-de-paranagua-promove-semana-nacional-do-transito-com-foco-em-salvar-vidas\/","title":{"rendered":"Prefeitura de Paranagu\u00e1 promove Semana Nacional do Tr\u00e2nsito com foco em salvar vidas"},"content":{"rendered":"\n<p>A partir da pr\u00f3xima quinta-feira (18) at\u00e9 o dia 25 de setembro, a Prefeitura de Paranagu\u00e1, por meio da Secretaria Municipal de Seguran\u00e7a (Semseg), promove a Semana Nacional do Tr\u00e2nsito 2025, em alinhamento ao movimento nacional que busca conscientizar a sociedade sobre a import\u00e2ncia de um tr\u00e2nsito mais seguro. O tema deste ano, \u201cDesacelere. Seu bem maior \u00e9 a vida\u201d, \u00e9 um chamado \u00e0 responsabilidade de motoristas, motociclistas, ciclistas e pedestres.<\/p>\n\n\n\n<p>A programa\u00e7\u00e3o inclui a\u00e7\u00f5es educativas, palestras, simula\u00e7\u00f5es e atividades interativas, todas com foco na preven\u00e7\u00e3o de acidentes e no est\u00edmulo a comportamentos respons\u00e1veis. As atividades contam com a participa\u00e7\u00e3o de diversas institui\u00e7\u00f5es parceiras, como Corpo de Bombeiros, Pol\u00edcia Militar, Servi\u00e7o de Atendimento M\u00f3vel de Urg\u00eancia (SAMU) e SEST SENAT, ampliando o alcance da campanha.<\/p>\n\n\n\n<p>Segundo a superintendente de Tr\u00e2nsito, Gisele Tavares de Miranda, a iniciativa tem papel essencial na forma\u00e7\u00e3o de uma cultura de respeito no tr\u00e2nsito. \u201cO objetivo \u00e9 promover a conscientiza\u00e7\u00e3o sobre a seguran\u00e7a no tr\u00e2nsito e estimular comportamentos respons\u00e1veis entre motoristas, pedestres, ciclistas, motociclistas e demais usu\u00e1rios das vias. As a\u00e7\u00f5es de preven\u00e7\u00e3o realizadas durante essa semana s\u00e3o fundamentais por diversos motivos. A preven\u00e7\u00e3o, por meio da educa\u00e7\u00e3o e fiscaliza\u00e7\u00e3o, ajuda a salvar vidas e a reduzir les\u00f5es graves, mudar comportamento, estimulando h\u00e1bitos mais seguros e respons\u00e1veis no dia a dia e criar uma cultura de respeito e empatia\u201d, disse.<\/p>\n\n\n\n<p>Para Cristiany Maia Paix\u00e3o, respons\u00e1vel pelo Setor de Educa\u00e7\u00e3o para o Tr\u00e2nsito da Superintend\u00eancia, o tema escolhido reflete essa necessidade. \u201c\u00c9 um per\u00edodo muito importante para refor\u00e7ar a responsabilidade de todos n\u00f3s. O tema deste ano \u00e9 um convite \u00e0 reflex\u00e3o: desacelerar salva vidas. Estaremos junto com os parceiros para alcan\u00e7ar a popula\u00e7\u00e3o. S\u00f3 podemos mudar nosso tr\u00e2nsito se cada um fizer a sua parte\u201d, destacou.<\/p>\n\n\n\n<p><strong>Acidentes em Paranagu\u00e1: dados que preocupam<\/strong><\/p>\n\n\n\n<p>Os n\u00fameros registrados no munic\u00edpio demonstram a urg\u00eancia da conscientiza\u00e7\u00e3o. De acordo com a Superintend\u00eancia Municipal de Tr\u00e2nsito, em 2024 foram contabilizados 1.657 acidentes. Entre maio de 2024 e abril de 2025, ocorreram 597 sinistros de tr\u00e2nsito, sendo 396 envolvendo motocicletas. Isso significa que os motociclistas representam 66% dos casos. Em cada 10 acidentes registrados em Paranagu\u00e1, 7 envolvem motos, o que evidencia a vulnerabilidade dessa categoria e a necessidade de aten\u00e7\u00e3o redobrada.<\/p>\n\n\n\n<p>Diante desse cen\u00e1rio, a Prefeitura destaca que o \u00eaxito da Semana Nacional do Tr\u00e2nsito depende da participa\u00e7\u00e3o ativa da popula\u00e7\u00e3o. Crian\u00e7as, jovens e adultos s\u00e3o convidados a refletir sobre seus h\u00e1bitos e a se comprometer com escolhas mais seguras.<\/p>\n\n\n\n<p>\u201cPodemos ter um tr\u00e2nsito mais seguro na nossa cidade se cada um fizer sua parte. \u00c9 um esfor\u00e7o coletivo, e cada gesto de responsabilidade conta\u201d, refor\u00e7ou Cristiany Maia Paix\u00e3o.<\/p>\n\n\n\n<p><strong>Cronograma de atividades<\/strong><\/p>\n\n\n\n<p><strong>&#8211; 18\/09 \u2013 Abertura oficial<\/strong><br>Local: Sest\/Senat<br>Hora: 15h<\/p>\n\n\n\n<p><strong>&#8211; 19\/09 \u2013 Atividades interativas de tr\u00e2nsito<\/strong><br>Inclui \u00f3culos simulador de embriaguez e servi\u00e7os de sa\u00fade<br>Local: Ilha dos Valadares \u2013 Pra\u00e7a Cyro Abal\u00e9m<br>Hora: a partir das 14h<\/p>\n\n\n\n<p><strong>&#8211; 19\/09 \u2013 Blitz educativa nos bares<\/strong><br>A\u00e7\u00e3o da Pol\u00edcia Militar<br>Local: Av. Jos\u00e9 Lobo<br>Hora: a partir das 22h<\/p>\n\n\n\n<p><strong>&#8211; 22\/09 \u2013 Campanha educativa com alunos do projeto \u201cTr\u00e2nsito na Escola\u201d<\/strong><br>Local: Sem\u00e1foro do Hospital Regional<br>Hora: 9h<\/p>\n\n\n\n<p><strong>&#8211; 23\/09 \u2013 Palestra sobre seguran\u00e7a no tr\u00e2nsito + teatro de fantoches<\/strong><br>Local: Escola R.M.<br>Hora: 14h<\/p>\n\n\n\n<p><strong>&#8211; 24\/09 \u2013 Memorial \u00e0s v\u00edtimas de sinistros de tr\u00e2nsito<\/strong><br>Participa\u00e7\u00e3o da Guarda Civil Municipal, Corpo de Bombeiros, SAMU, PM e Sest\/Senat<br>Local: Travessa Nove de Agosto (ao lado da Caixa Econ\u00f4mica Federal)<br>Hora: a partir das 9h<\/p>\n\n\n\n<p><strong>&#8211; 25\/09 \u2013 Simulado de acidente de tr\u00e2nsito<\/strong><br>Envolvendo Corpo de Bombeiros, Guarda Civil Municipal, SAMU e Pol\u00edcia Militar<br>Local: Rua Jo\u00e3o Eug\u00eanio x Maximiliano da Fonseca<br>Hora: a partir das 13h<\/p>\n\n\n\n<p>Prefeitura de Paranagu\u00e1<\/p>\n","protected":false},"excerpt":{"rendered":"<p>A partir da pr\u00f3xima quinta-feira (18) at\u00e9 o dia 25 de setembro, a Prefeitura de Paranagu\u00e1, por meio da Secretaria Municipal de Seguran\u00e7a (Semseg), promove a Semana Nacional do Tr\u00e2nsito 2025, em alinhamento ao movimento nacional que busca conscientizar a sociedade sobre a import\u00e2ncia de um tr\u00e2nsito mais seguro. O tema deste ano, \u201cDesacelere. Seu [&hellip;]<\/p>\n","protected":false},"author":2,"featured_media":72131,"comment_status":"open","ping_status":"open","sticky":false,"template":"","format":"standard","meta":{"advanced_seo_description":"","jetpack_seo_html_title":"","jetpack_seo_noindex":false,"_jetpack_memberships_contains_paid_content":false,"footnotes":""},"categories":[77],"tags":[],"class_list":{"0":"post-72130","1":"post","2":"type-post","3":"status-publish","4":"format-standard","5":"has-post-thumbnail","7":"category-paranagua"},"jetpack_featured_media_url":"https:\/\/www.paranapraia.com.br\/wp-content\/uploads\/2025\/09\/18717.jpg","jetpack_sharing_enabled":true,"_links":{"self":[{"href":"https:\/\/www.paranapraia.com.br\/index.php\/wp-json\/wp\/v2\/posts\/72130"}],"collection":[{"href":"https:\/\/www.paranapraia.com.br\/index.php\/wp-json\/wp\/v2\/posts"}],"about":[{"href":"https:\/\/www.paranapraia.com.br\/index.php\/wp-json\/wp\/v2\/types\/post"}],"author":[{"embeddable":true,"href":"https:\/\/www.paranapraia.com.br\/index.php\/wp-json\/wp\/v2\/users\/2"}],"replies":[{"embeddable":true,"href":"https:\/\/www.paranapraia.com.br\/index.php\/wp-json\/wp\/v2\/comments?post=72130"}],"version-history":[{"count":1,"href":"https:\/\/www.paranapraia.com.br\/index.php\/wp-json\/wp\/v2\/posts\/72130\/revisions"}],"predecessor-version":[{"id":72132,"href":"https:\/\/www.paranapraia.com.br\/index.php\/wp-json\/wp\/v2\/posts\/72130\/revisions\/72132"}],"wp:featuredmedia":[{"embeddable":true,"href":"https:\/\/www.paranapraia.com.br\/index.php\/wp-json\/wp\/v2\/media\/72131"}],"wp:attachment":[{"href":"https:\/\/www.paranapraia.com.br\/index.php\/wp-json\/wp\/v2\/media?parent=72130"}],"wp:term":[{"taxonomy":"category","embeddable":true,"href":"https:\/\/www.paranapraia.com.br\/index.php\/wp-json\/wp\/v2\/categories?post=72130"},{"taxonomy":"post_tag","embeddable":true,"href":"https:\/\/www.paranapraia.com.br\/index.php\/wp-json\/wp\/v2\/tags?post=72130"}],"curies":[{"name":"wp","href":"https:\/\/api.w.org\/{rel}","templated":true}]}}