{"id":72127,"date":"2025-09-16T10:26:38","date_gmt":"2025-09-16T13:26:38","guid":{"rendered":"https:\/\/www.paranapraia.com.br\/?p=72127"},"modified":"2025-09-16T10:26:40","modified_gmt":"2025-09-16T13:26:40","slug":"paranagua-secultur-divulga-resultado-parcial-de-editais-publicos","status":"publish","type":"post","link":"https:\/\/www.paranapraia.com.br\/index.php\/2025\/09\/16\/paranagua-secultur-divulga-resultado-parcial-de-editais-publicos\/","title":{"rendered":"Paranagu\u00e1: Secultur divulga resultado parcial de editais p\u00fablicos"},"content":{"rendered":"\n<p>A Secretaria Municipal de Cultura e Turismo de Paranagu\u00e1 divulgou no Di\u00e1rio Oficial, nesta segunda-feira (15), o resultado parcial da etapa de habilita\u00e7\u00e3o dos editais p\u00fablicos realizados no \u00e2mbito da Pol\u00edtica Nacional Aldir Blanc de Fomento \u00e0 Cultura (PNAB), regulamentada pela Lei 14.399\/2023.<\/p>\n\n\n\n<p>As chamadas p\u00fablicas t\u00eam como objetivo incentivar o acesso da popula\u00e7\u00e3o aos bens e servi\u00e7os culturais em seus pr\u00f3prios territ\u00f3rios, reconhecendo a diversidade das manifesta\u00e7\u00f5es art\u00edsticas e culturais do Munic\u00edpio.<\/p>\n\n\n\n<p>A partir da publica\u00e7\u00e3o, ocorre a fase de recurso com prazo de 03 (tr\u00eas) dias \u00fateis conforme a previs\u00e3o dos Editais. Em caso de apresenta\u00e7\u00e3o de recurso, a manifesta\u00e7\u00e3o deve ser apresentada por meio de protocolo no Protocolo Geral da Prefeitura Municipal de Paranagu\u00e1-PR e destinado a Comiss\u00e3o Permanente de Licita\u00e7\u00e3o.<\/p>\n\n\n\n<p>As atas dos resultados parciais est\u00e3o dispon\u00edveis no site da Prefeitura de Paranagu\u00e1 \u2013 Licita\u00e7\u00f5es, nos seguintes links:<\/p>\n\n\n\n<p><strong>Edital de Chamada P\u00fablica 04\/2025 \u2013 Fomento a Projetos Culturais:<\/strong><\/p>\n\n\n\n<p><a href=\"https:\/\/www.paranagua.pr.gov.br\/lic.php?licitacao_id=917\">https:\/\/www.paranagua.pr.gov.br\/lic.php?licitacao_id=917<\/a><\/p>\n\n\n\n<p><strong>Edital de Chamada P\u00fablica 05\/2025 \u2013 Cultura Viva:<\/strong><\/p>\n\n\n\n<p><a href=\"https:\/\/www.paranagua.pr.gov.br\/lic.php?licitacao_id=918\">https:\/\/www.paranagua.pr.gov.br\/lic.php?licitacao_id=918<\/a><\/p>\n\n\n\n<p>Prefeitura de Paranagu\u00e1<\/p>\n","protected":false},"excerpt":{"rendered":"<p>A Secretaria Municipal de Cultura e Turismo de Paranagu\u00e1 divulgou no Di\u00e1rio Oficial, nesta segunda-feira (15), o resultado parcial da etapa de habilita\u00e7\u00e3o dos editais p\u00fablicos realizados no \u00e2mbito da Pol\u00edtica Nacional Aldir Blanc de Fomento \u00e0 Cultura (PNAB), regulamentada pela Lei 14.399\/2023. As chamadas p\u00fablicas t\u00eam como objetivo incentivar o acesso da popula\u00e7\u00e3o aos [&hellip;]<\/p>\n","protected":false},"author":2,"featured_media":72128,"comment_status":"open","ping_status":"open","sticky":false,"template":"","format":"standard","meta":{"advanced_seo_description":"","jetpack_seo_html_title":"","jetpack_seo_noindex":false,"_jetpack_memberships_contains_paid_content":false,"footnotes":""},"categories":[77],"tags":[],"class_list":{"0":"post-72127","1":"post","2":"type-post","3":"status-publish","4":"format-standard","5":"has-post-thumbnail","7":"category-paranagua"},"jetpack_featured_media_url":"https:\/\/www.paranapraia.com.br\/wp-content\/uploads\/2025\/09\/18714.jpg","jetpack_sharing_enabled":true,"_links":{"self":[{"href":"https:\/\/www.paranapraia.com.br\/index.php\/wp-json\/wp\/v2\/posts\/72127"}],"collection":[{"href":"https:\/\/www.paranapraia.com.br\/index.php\/wp-json\/wp\/v2\/posts"}],"about":[{"href":"https:\/\/www.paranapraia.com.br\/index.php\/wp-json\/wp\/v2\/types\/post"}],"author":[{"embeddable":true,"href":"https:\/\/www.paranapraia.com.br\/index.php\/wp-json\/wp\/v2\/users\/2"}],"replies":[{"embeddable":true,"href":"https:\/\/www.paranapraia.com.br\/index.php\/wp-json\/wp\/v2\/comments?post=72127"}],"version-history":[{"count":1,"href":"https:\/\/www.paranapraia.com.br\/index.php\/wp-json\/wp\/v2\/posts\/72127\/revisions"}],"predecessor-version":[{"id":72129,"href":"https:\/\/www.paranapraia.com.br\/index.php\/wp-json\/wp\/v2\/posts\/72127\/revisions\/72129"}],"wp:featuredmedia":[{"embeddable":true,"href":"https:\/\/www.paranapraia.com.br\/index.php\/wp-json\/wp\/v2\/media\/72128"}],"wp:attachment":[{"href":"https:\/\/www.paranapraia.com.br\/index.php\/wp-json\/wp\/v2\/media?parent=72127"}],"wp:term":[{"taxonomy":"category","embeddable":true,"href":"https:\/\/www.paranapraia.com.br\/index.php\/wp-json\/wp\/v2\/categories?post=72127"},{"taxonomy":"post_tag","embeddable":true,"href":"https:\/\/www.paranapraia.com.br\/index.php\/wp-json\/wp\/v2\/tags?post=72127"}],"curies":[{"name":"wp","href":"https:\/\/api.w.org\/{rel}","templated":true}]}}