{"id":72118,"date":"2025-09-16T10:19:43","date_gmt":"2025-09-16T13:19:43","guid":{"rendered":"https:\/\/www.paranapraia.com.br\/?p=72118"},"modified":"2025-09-16T10:19:46","modified_gmt":"2025-09-16T13:19:46","slug":"emplacamentos-de-veiculos-aumentam-11-no-parana-apos-anuncio-de-reducao-do-ipva","status":"publish","type":"post","link":"https:\/\/www.paranapraia.com.br\/index.php\/2025\/09\/16\/emplacamentos-de-veiculos-aumentam-11-no-parana-apos-anuncio-de-reducao-do-ipva\/","title":{"rendered":"Emplacamentos de ve\u00edculos aumentam 11% no Paran\u00e1 ap\u00f3s an\u00fancio de redu\u00e7\u00e3o do IPVA"},"content":{"rendered":"\n<p>O n\u00famero de emplacamentos de ve\u00edculos cresceu 11% no Paran\u00e1 nos 10 dias que sucederam o an\u00fancio do governador Carlos Massa Ratinho Junior sobre a redu\u00e7\u00e3o de 45% no Imposto sobre Propriedade de Ve\u00edculos Automotores (IPVA). A al\u00edquota atual, de 3,5%, deve passar para 1,9%, a partir do ano que vem, se tornando a menor do Brasil. O projeto est\u00e1 em tramita\u00e7\u00e3o na Assembleia Legislativa do Paran\u00e1.<\/p>\n\n\n\n<p>Segundo o Departamento de Tr\u00e2nsito do Paran\u00e1 (Detran-PR), entre os dias 10 e 19 de agosto, 10 dias antes do an\u00fancio, feito em 20 de agosto, 10.647 ve\u00edculos foram emplacados no Paran\u00e1. Nos 10 dias seguintes, entre 20 e 29 de agosto este n\u00famero saltou para 11.807 registros, uma m\u00e9dia de 1.118 por dia. Somente em 20 de agosto, foram 1.418 novas placas em um s\u00f3 dia.<\/p>\n\n\n\n<p>O Estado j\u00e1 observava uma\u00a0alta no n\u00famero de emplacamentos nos primeiros oito meses deste ano, com crescimento de 34% em rela\u00e7\u00e3o ao mesmo per\u00edodo de 2024. Foram 233.127 novos registros entre janeiro e agosto de 2025, contra 174.033 at\u00e9 agosto do ano passado. Os n\u00fameros dizem respeito a ve\u00edculos novos, sem incluir a mudan\u00e7a das placas antigas para o padr\u00e3o Mercosul e a transfer\u00eancia de ve\u00edculos de outros estados para o Paran\u00e1.<\/p>\n\n\n\n<p>O total registrado nos \u00faltimos oito meses \u00e9 superior a todos os emplacamentos de 2022, quando houve 215.461 novos registros, e \u00e9 semelhante a todo o ano de 2023, com 236.254. Em 2024, o Detran-PR realizou 286.111 emplacamentos.<\/p>\n\n\n\n<p>Entre as novas placas inscritas no Detran-PR em 2025, 42% s\u00e3o de autom\u00f3veis, que chegaram a um total de 97.719 registros, 15 mil a mais que no mesmo per\u00edodo do ano passado (82.461). Tamb\u00e9m houve um salto nos emplacamentos de motocicletas, que passaram de 40.865 nos oito primeiro oito meses de 2024 para 62.149 em 2025, um crescimento de 52%.<\/p>\n\n\n\n<p>Neste ano tamb\u00e9m foram emplacadas 37.522 caminhonetes, 20.119 motonetas, 15.295 camionetas, 13.132 utilit\u00e1rios, 11.496 reboques, 10.038 semirreboques, 7.769 caminh\u00f5es, 7.283 caminh\u00f5es tratores, 1.549 \u00f4nibus, 968 ciclomotores, 906 micro-\u00f4nibus, 114 tratores de rodas, 27 motorhomes, 20 triciclos e cinco quadriciclos.<\/p>\n\n\n\n<p><strong>REDU\u00c7\u00c3O DO IPVA&nbsp;<\/strong>\u2013 O aumento no n\u00famero de emplacamentos \u00e9 um dos motivos porque a redu\u00e7\u00e3o na al\u00edquota do IPVA n\u00e3o deve causar um impacto grande na arrecada\u00e7\u00e3o do Estado. A redu\u00e7\u00e3o beneficia cerca de 3,4 milh\u00f5es de propriet\u00e1rios de ve\u00edculos entre autom\u00f3veis, caminhonetes e motocicletas acima de 170 cilindradas. Segundo dados da Secretaria de Estado da Fazenda (Sefa), isso representa cerca de 83% de toda a frota de 4,1 milh\u00f5es de ve\u00edculos tributados no Paran\u00e1.<\/p>\n\n\n\n<p>AEN\/PR<\/p>\n","protected":false},"excerpt":{"rendered":"<p>O n\u00famero de emplacamentos de ve\u00edculos cresceu 11% no Paran\u00e1 nos 10 dias que sucederam o an\u00fancio do governador Carlos Massa Ratinho Junior sobre a redu\u00e7\u00e3o de 45% no Imposto sobre Propriedade de Ve\u00edculos Automotores (IPVA). A al\u00edquota atual, de 3,5%, deve passar para 1,9%, a partir do ano que vem, se tornando a menor [&hellip;]<\/p>\n","protected":false},"author":2,"featured_media":72119,"comment_status":"open","ping_status":"open","sticky":false,"template":"","format":"standard","meta":{"advanced_seo_description":"","jetpack_seo_html_title":"","jetpack_seo_noindex":false,"_jetpack_memberships_contains_paid_content":false,"footnotes":""},"categories":[40],"tags":[],"class_list":{"0":"post-72118","1":"post","2":"type-post","3":"status-publish","4":"format-standard","5":"has-post-thumbnail","7":"category-destaques"},"jetpack_featured_media_url":"https:\/\/www.paranapraia.com.br\/wp-content\/uploads\/2025\/09\/geraldo_bubniak-scaled.jpg","jetpack_sharing_enabled":true,"_links":{"self":[{"href":"https:\/\/www.paranapraia.com.br\/index.php\/wp-json\/wp\/v2\/posts\/72118"}],"collection":[{"href":"https:\/\/www.paranapraia.com.br\/index.php\/wp-json\/wp\/v2\/posts"}],"about":[{"href":"https:\/\/www.paranapraia.com.br\/index.php\/wp-json\/wp\/v2\/types\/post"}],"author":[{"embeddable":true,"href":"https:\/\/www.paranapraia.com.br\/index.php\/wp-json\/wp\/v2\/users\/2"}],"replies":[{"embeddable":true,"href":"https:\/\/www.paranapraia.com.br\/index.php\/wp-json\/wp\/v2\/comments?post=72118"}],"version-history":[{"count":1,"href":"https:\/\/www.paranapraia.com.br\/index.php\/wp-json\/wp\/v2\/posts\/72118\/revisions"}],"predecessor-version":[{"id":72120,"href":"https:\/\/www.paranapraia.com.br\/index.php\/wp-json\/wp\/v2\/posts\/72118\/revisions\/72120"}],"wp:featuredmedia":[{"embeddable":true,"href":"https:\/\/www.paranapraia.com.br\/index.php\/wp-json\/wp\/v2\/media\/72119"}],"wp:attachment":[{"href":"https:\/\/www.paranapraia.com.br\/index.php\/wp-json\/wp\/v2\/media?parent=72118"}],"wp:term":[{"taxonomy":"category","embeddable":true,"href":"https:\/\/www.paranapraia.com.br\/index.php\/wp-json\/wp\/v2\/categories?post=72118"},{"taxonomy":"post_tag","embeddable":true,"href":"https:\/\/www.paranapraia.com.br\/index.php\/wp-json\/wp\/v2\/tags?post=72118"}],"curies":[{"name":"wp","href":"https:\/\/api.w.org\/{rel}","templated":true}]}}