{"id":72115,"date":"2025-09-16T10:10:14","date_gmt":"2025-09-16T13:10:14","guid":{"rendered":"https:\/\/www.paranapraia.com.br\/?p=72115"},"modified":"2025-09-16T10:10:16","modified_gmt":"2025-09-16T13:10:16","slug":"jorge-aragao-celebra-50-anos-de-carreira-em-apresentacao-unica-e-gratuita-no-guairao","status":"publish","type":"post","link":"https:\/\/www.paranapraia.com.br\/index.php\/2025\/09\/16\/jorge-aragao-celebra-50-anos-de-carreira-em-apresentacao-unica-e-gratuita-no-guairao\/","title":{"rendered":"Jorge Arag\u00e3o celebra 50 anos de carreira em apresenta\u00e7\u00e3o \u00fanica e gratuita no Guair\u00e3o"},"content":{"rendered":"\n<p>&#8220;Jorge Arag\u00e3o: 50 anos de Poesia&#8221; \u00e9 uma celebra\u00e7\u00e3o \u00e0 trajet\u00f3ria do cantor e compositor carioca, que est\u00e1 percorrendo dez cidades do Brasil com shows, exposi\u00e7\u00f5es e oficinas de m\u00fasica. A pr\u00f3xima parada ser\u00e1 em Curitiba, no dia 23 de setembro, no Teatro Gua\u00edra. O projeto vai aproximar ainda mais o compositor de seu p\u00fablico, que ter\u00e1 acesso inteiramente gratuito a todas as experi\u00eancias propostas pelo projeto, em todas as cidades por onde passa.&nbsp;<\/p>\n\n\n\n<p>A iniciativa in\u00e9dita, idealizada por T\u00e2nia Arag\u00e3o, oferece um mergulho diferenciado na obra de Jorge Arag\u00e3o, e tem como proposta convidar v\u00e1rios segmentos da sociedade a estarem na plateia de grandes teatros do Pa\u00eds. Dessa maneira, professores e alunos do ensino p\u00fablico, quilombolas, ONGs e estudantes de m\u00fasica, entre outros setores, ter\u00e3o acesso ao espet\u00e1culo criado para homenagear a obra de Jorge Arag\u00e3o. Oficinas de instrumentos musicais e palestras tem\u00e1ticas para a capacita\u00e7\u00e3o profissional de m\u00fasicos e artistas, ser\u00e3o ministradas por m\u00fasicos da banda de Arag\u00e3o, tamb\u00e9m abertas ao p\u00fablico e gratuitas.<\/p>\n\n\n\n<p>O repert\u00f3rio promove um passeio por v\u00e1rios sucessos do compositor, colecionados ao longo de cinco d\u00e9cadas, como \u201cMalandro\u201d (Jorge Arag\u00e3o e Jotab\u00ea), \u201cTend\u00eancia\u201d (Jorge Arag\u00e3o e Dona Ivone Lara), \u201cCoisa de Pele\u201d (Acyr Marques\/Jorge Arag\u00e3o), \u201cLucidez\u201d (Jorge Arag\u00e3o\/Cl\u00e9ber Augusto), \u201cVou festejar\u201d(Jorge Arag\u00e3o\/Dida\/Neoci), \u201cMoleque Atrevido\u201d(Jorge Arag\u00e3o\/Fl\u00e1vio Cardoso\/Paulinho Resende) e \u201cIdentidade\u201d (Jorge Arag\u00e3o), entre outros.<\/p>\n\n\n\n<p>O ator Lucas Popeta participa do show, que tem textos e dire\u00e7\u00e3o de Afonso Carvalho, em um formato in\u00e9dito na carreira de Jorge Arag\u00e3o. No papel de narrador e testemunha ocular da hist\u00f3ria, o ator contracena com Arag\u00e3o em v\u00e1rios momentos do espet\u00e1culo, pontuando passagens importantes da carreira do compositor. O cen\u00e1rio leva a assinatura do tarimbado cen\u00f3grafo Z\u00e9 Carratu, e a dire\u00e7\u00e3o musical \u00e9 de Jerominho Fernandes.<\/p>\n\n\n\n<p>A cada espet\u00e1culo, o p\u00fablico \u00e9 convidado a descobrir mais sobre a trajet\u00f3ria de Arag\u00e3o na exposi\u00e7\u00e3o que ocupar\u00e1 os foyers dos teatros. Atrav\u00e9s de pain\u00e9is expositivos com fotos e exibi\u00e7\u00e3o de audiovisuais, ser\u00e1 poss\u00edvel conhecer de perto o universo musical e po\u00e9tico de Arag\u00e3o, antes mesmo do in\u00edcio dos shows. A exposi\u00e7\u00e3o foi desenvolvida por Gilberto Borges, com curadoria de Vera Pasqualin.<\/p>\n\n\n\n<p>Toda a turn\u00ea ser\u00e1 registrada em v\u00eddeo e se transformar\u00e1 em document\u00e1rio sobre a rela\u00e7\u00e3o de Jorge Arag\u00e3o com os seus f\u00e3s e sua m\u00fasica.<\/p>\n\n\n\n<p><strong>JORGE ARAG\u00c3O<\/strong>&nbsp;\u2013 Nascido em 1\u00ba de mar\u00e7o de 1949, Jorge Arag\u00e3o \u00e9 um dos maiores nomes da m\u00fasica popular brasileira. Nascido no Bairro de Padre Miguel, no Rio de Janeiro, foi fisgado pelo samba ainda jovem, mas esse amor ganhou for\u00e7a quando ele se juntou ao grupo de compositores que se reunia na quadra do Bloco carioca Cacique de Ramos. Foi l\u00e1 que Beth Carvalho, cantora intimamente ligada \u00e0 trajet\u00f3ria de Arag\u00e3o, o conheceu. Beth transformou sambas como \u201cVou Festejar\u201d e \u201cCoisinha do Pai\u201d em sucessos instant\u00e2neos.<\/p>\n\n\n\n<p>Contempor\u00e2neo de Zeca Pagodinho, Arlindo Cruz, Almir Guineto e Sombrinha, entre outros companheiros do chamado Fundo de Quintal (do qual foi um dos fundadores), Jorge Arag\u00e3o transita por todas as vertentes do samba.<\/p>\n\n\n\n<p>Antes de juntar-se ao grupo de compositores, j\u00e1 havia emplacado sucessos nas vozes de Elza Soares (\u201cMalandro\u201d) e Em\u00edlio Santiago (\u201cLogo agora\u201d). Com mais de 20 \u00e1lbuns lan\u00e7ados, Jorge Arag\u00e3o j\u00e1 foi gravado por artistas de diferentes estilos e gera\u00e7\u00f5es: de Elba Ramalho e Maria Rita a Ney Matogrosso e Exaltasamba; de Martinho da Vila e Dona Ivone Lara a Jorge Vercillo e Seu Jorge, entre tantos outros.<\/p>\n\n\n\n<p>Dono de uma extensa discografia, em 2016 foi protagonista do projeto Sambabook, indicado ao Grammy Latino, que incluiu discobiografia, fich\u00e1rio de partituras e um CD f\u00edsico com grava\u00e7\u00f5es de grandes nomes do samba e da MPB.<\/p>\n\n\n\n<p><strong>Servi\u00e7o<\/strong>:<\/p>\n\n\n\n<p>&#8220;Jorge Arag\u00e3o | 50 Anos de Poesia&#8221;<\/p>\n\n\n\n<p>Apresenta\u00e7\u00e3o:&nbsp;23 de setembro (ter\u00e7a-feira), \u00e0s 20h<\/p>\n\n\n\n<p>Local:&nbsp;Audit\u00f3rio Bento Munhoz da Rocha Neto (Guair\u00e3o) &#8211; Rua&nbsp;Conselheiro Laurindo, 175, Centro, Curitiba (PR)<\/p>\n\n\n\n<p>Tempo de dura\u00e7\u00e3o do espet\u00e1culo:&nbsp;1h30&nbsp;<\/p>\n\n\n\n<p>Classifica\u00e7\u00e3o:&nbsp;Livre<\/p>\n\n\n\n<p>Especifica\u00e7\u00f5es do espet\u00e1culo:&nbsp;Show<\/p>\n\n\n\n<p>Ingressos:&nbsp;gratuitos e limitados,&nbsp;dispon\u00edveis em&nbsp;<a href=\"https:\/\/jorgearagao50.com.br\/\" target=\"_blank\" rel=\"noreferrer noopener\">www.jorgearagao50.com.br<\/a>,&nbsp;mediante cadastro pr\u00e9vio, sujeitos \u00e0 lota\u00e7\u00e3o do teatro<\/p>\n\n\n\n<p>AEN\/PR<\/p>\n","protected":false},"excerpt":{"rendered":"<p>&#8220;Jorge Arag\u00e3o: 50 anos de Poesia&#8221; \u00e9 uma celebra\u00e7\u00e3o \u00e0 trajet\u00f3ria do cantor e compositor carioca, que est\u00e1 percorrendo dez cidades do Brasil com shows, exposi\u00e7\u00f5es e oficinas de m\u00fasica. A pr\u00f3xima parada ser\u00e1 em Curitiba, no dia 23 de setembro, no Teatro Gua\u00edra. O projeto vai aproximar ainda mais o compositor de seu p\u00fablico, [&hellip;]<\/p>\n","protected":false},"author":2,"featured_media":72116,"comment_status":"open","ping_status":"open","sticky":false,"template":"","format":"standard","meta":{"advanced_seo_description":"","jetpack_seo_html_title":"","jetpack_seo_noindex":false,"_jetpack_memberships_contains_paid_content":false,"footnotes":""},"categories":[40],"tags":[],"class_list":{"0":"post-72115","1":"post","2":"type-post","3":"status-publish","4":"format-standard","5":"has-post-thumbnail","7":"category-destaques"},"jetpack_featured_media_url":"https:\/\/www.paranapraia.com.br\/wp-content\/uploads\/2025\/09\/aragao_foto_de_adriano_von_markendorf_0-scaled.jpg","jetpack_sharing_enabled":true,"_links":{"self":[{"href":"https:\/\/www.paranapraia.com.br\/index.php\/wp-json\/wp\/v2\/posts\/72115"}],"collection":[{"href":"https:\/\/www.paranapraia.com.br\/index.php\/wp-json\/wp\/v2\/posts"}],"about":[{"href":"https:\/\/www.paranapraia.com.br\/index.php\/wp-json\/wp\/v2\/types\/post"}],"author":[{"embeddable":true,"href":"https:\/\/www.paranapraia.com.br\/index.php\/wp-json\/wp\/v2\/users\/2"}],"replies":[{"embeddable":true,"href":"https:\/\/www.paranapraia.com.br\/index.php\/wp-json\/wp\/v2\/comments?post=72115"}],"version-history":[{"count":1,"href":"https:\/\/www.paranapraia.com.br\/index.php\/wp-json\/wp\/v2\/posts\/72115\/revisions"}],"predecessor-version":[{"id":72117,"href":"https:\/\/www.paranapraia.com.br\/index.php\/wp-json\/wp\/v2\/posts\/72115\/revisions\/72117"}],"wp:featuredmedia":[{"embeddable":true,"href":"https:\/\/www.paranapraia.com.br\/index.php\/wp-json\/wp\/v2\/media\/72116"}],"wp:attachment":[{"href":"https:\/\/www.paranapraia.com.br\/index.php\/wp-json\/wp\/v2\/media?parent=72115"}],"wp:term":[{"taxonomy":"category","embeddable":true,"href":"https:\/\/www.paranapraia.com.br\/index.php\/wp-json\/wp\/v2\/categories?post=72115"},{"taxonomy":"post_tag","embeddable":true,"href":"https:\/\/www.paranapraia.com.br\/index.php\/wp-json\/wp\/v2\/tags?post=72115"}],"curies":[{"name":"wp","href":"https:\/\/api.w.org\/{rel}","templated":true}]}}