{"id":72112,"date":"2025-09-16T10:06:47","date_gmt":"2025-09-16T13:06:47","guid":{"rendered":"https:\/\/www.paranapraia.com.br\/?p=72112"},"modified":"2025-09-16T10:06:48","modified_gmt":"2025-09-16T13:06:48","slug":"homem-preso-por-estupro-de-vulneravel-no-balbeario-shangrila-em-pontal-do-parana","status":"publish","type":"post","link":"https:\/\/www.paranapraia.com.br\/index.php\/2025\/09\/16\/homem-preso-por-estupro-de-vulneravel-no-balbeario-shangrila-em-pontal-do-parana\/","title":{"rendered":"Homem preso por estupro de vulner\u00e1vel no balbe\u00e1rio Shangril\u00e1 em Pontal do Paran\u00e1"},"content":{"rendered":"\n<p>Na <a><\/a>noite deste domingo (14), a Guarda Municipal de Pontal do Paran\u00e1 foi acionada para atender uma grave ocorr\u00eancia de viol\u00eancia sexual contra crian\u00e7a no balne\u00e1rio Shangril\u00e1.<\/p>\n\n\n\n<p>No local, familiares relataram que uma menina de 11 anos havia sido v\u00edtima de abuso praticado por um parente. A equipe recebeu o endere\u00e7o do suspeito e, ao chegar \u00e0 resid\u00eancia, foi autorizada a entrar pelo pai do acusado.<\/p>\n\n\n\n<p>O homem, de 21 anos, foi encontrado deitado no ch\u00e3o, em estado de desespero, chegando a afirmar frases de arrependimento. Diante da situa\u00e7\u00e3o, ele recebeu voz de pris\u00e3o em flagrante.<\/p>\n\n\n\n<p>A v\u00edtima foi encaminhada \u00e0 UPA de Shangril\u00e1 para atendimento m\u00e9dico e realiza\u00e7\u00e3o de medidas preventivas de sa\u00fade.<\/p>\n\n\n\n<p>Em seguida, todas as partes foram levadas \u00e0 Delegacia de Pontal do Paran\u00e1, onde o caso ficou sob responsabilidade da Pol\u00edcia Civil para investiga\u00e7\u00e3o e provid\u00eancias legais.<\/p>\n\n\n\n<p>A Guarda Municipal refor\u00e7a que den\u00fancias de viol\u00eancia contra crian\u00e7as e adolescentes podem ser feitas pelo 153 ou pelo Disque 100.<\/p>\n\n\n\n<p>Assessoria<\/p>\n","protected":false},"excerpt":{"rendered":"<p>Na noite deste domingo (14), a Guarda Municipal de Pontal do Paran\u00e1 foi acionada para atender uma grave ocorr\u00eancia de viol\u00eancia sexual contra crian\u00e7a no balne\u00e1rio Shangril\u00e1. No local, familiares relataram que uma menina de 11 anos havia sido v\u00edtima de abuso praticado por um parente. A equipe recebeu o endere\u00e7o do suspeito e, ao [&hellip;]<\/p>\n","protected":false},"author":2,"featured_media":72113,"comment_status":"open","ping_status":"open","sticky":false,"template":"","format":"standard","meta":{"advanced_seo_description":"","jetpack_seo_html_title":"","jetpack_seo_noindex":false,"_jetpack_memberships_contains_paid_content":false,"footnotes":""},"categories":[40,33,65],"tags":[1473,318],"class_list":{"0":"post-72112","1":"post","2":"type-post","3":"status-publish","4":"format-standard","5":"has-post-thumbnail","7":"category-destaques","8":"category-policia","9":"category-pontal-do-parana","10":"tag-homem-preso-por-estupro-de-vulneravel-no-balbeario-shangrila-em-pontal-do-parana","11":"tag-pontal-do-parana"},"jetpack_featured_media_url":"https:\/\/www.paranapraia.com.br\/wp-content\/uploads\/2025\/09\/WhatsApp-Image-2025-09-16-at-09.59.18.jpeg","jetpack_sharing_enabled":true,"_links":{"self":[{"href":"https:\/\/www.paranapraia.com.br\/index.php\/wp-json\/wp\/v2\/posts\/72112"}],"collection":[{"href":"https:\/\/www.paranapraia.com.br\/index.php\/wp-json\/wp\/v2\/posts"}],"about":[{"href":"https:\/\/www.paranapraia.com.br\/index.php\/wp-json\/wp\/v2\/types\/post"}],"author":[{"embeddable":true,"href":"https:\/\/www.paranapraia.com.br\/index.php\/wp-json\/wp\/v2\/users\/2"}],"replies":[{"embeddable":true,"href":"https:\/\/www.paranapraia.com.br\/index.php\/wp-json\/wp\/v2\/comments?post=72112"}],"version-history":[{"count":1,"href":"https:\/\/www.paranapraia.com.br\/index.php\/wp-json\/wp\/v2\/posts\/72112\/revisions"}],"predecessor-version":[{"id":72114,"href":"https:\/\/www.paranapraia.com.br\/index.php\/wp-json\/wp\/v2\/posts\/72112\/revisions\/72114"}],"wp:featuredmedia":[{"embeddable":true,"href":"https:\/\/www.paranapraia.com.br\/index.php\/wp-json\/wp\/v2\/media\/72113"}],"wp:attachment":[{"href":"https:\/\/www.paranapraia.com.br\/index.php\/wp-json\/wp\/v2\/media?parent=72112"}],"wp:term":[{"taxonomy":"category","embeddable":true,"href":"https:\/\/www.paranapraia.com.br\/index.php\/wp-json\/wp\/v2\/categories?post=72112"},{"taxonomy":"post_tag","embeddable":true,"href":"https:\/\/www.paranapraia.com.br\/index.php\/wp-json\/wp\/v2\/tags?post=72112"}],"curies":[{"name":"wp","href":"https:\/\/api.w.org\/{rel}","templated":true}]}}