{"id":72106,"date":"2025-09-15T15:40:50","date_gmt":"2025-09-15T18:40:50","guid":{"rendered":"https:\/\/www.paranapraia.com.br\/?p=72106"},"modified":"2025-09-15T15:40:52","modified_gmt":"2025-09-15T18:40:52","slug":"pcpr-resgata-70-animais-em-situacao-de-maus-tratos-no-parana","status":"publish","type":"post","link":"https:\/\/www.paranapraia.com.br\/index.php\/2025\/09\/15\/pcpr-resgata-70-animais-em-situacao-de-maus-tratos-no-parana\/","title":{"rendered":"PCPR resgata 70 animais em situa\u00e7\u00e3o de maus-tratos no Paran\u00e1"},"content":{"rendered":"\n<p>A Pol\u00edcia Civil do Paran\u00e1 (PCPR) resgatou 70 animais em situa\u00e7\u00e3o de maus-tratos em uma propriedade rural localizada na Linha Gavi\u00e3o, distrito de Novo Sarandi, em Toledo, no Oeste do Estado. A a\u00e7\u00e3o ocorreu na sexta-feira (12) e no s\u00e1bado (13) em conjunto com a Secretaria Municipal do Meio Ambiente e a Ag\u00eancia de Defesa Agropecu\u00e1ria do Paran\u00e1&nbsp;(Adapar).<\/p>\n\n\n\n<p>De acordo com o delegado da PCPR Leandro Stabile, as dilig\u00eancias tiveram in\u00edcio ap\u00f3s den\u00fancias relatando que o respons\u00e1vel pela propriedade, um homem de 41 anos, mutilava c\u00e3es da ra\u00e7a Pitbull, fazia castra\u00e7\u00f5es sem anestesia e divulgava v\u00eddeos de maus-tratos a bovinos em grupos de mensagens.<\/p>\n\n\n\n<p>Tamb\u00e9m foi informado que o homem mantinha galos de briga, equipamentos para rinha e submetia o filho menor de idade a presenciar os maus-tratos, al\u00e9m de o expor a situa\u00e7\u00f5es de risco.<\/p>\n\n\n\n<p>\u201cDurante a opera\u00e7\u00e3o, os policiais encontraram uma cadela Pitbull debilitada com filhotes rec\u00e9m-nascidos e outro c\u00e3o da mesma ra\u00e7a sem condi\u00e7\u00f5es de se levantar, al\u00e9m de um casal de buldogues franceses, sendo que um apresentava problemas nos olhos, al\u00e9m de uma gata prenha em situa\u00e7\u00e3o prec\u00e1ria\u201d, completou.<\/p>\n\n\n\n<p>Na propriedade, que n\u00e3o possui cadastro junto \u00e0 Adapar, tamb\u00e9m foram localizados sete p\u00e1ssaros silvestres sem documenta\u00e7\u00e3o, posteriormente entregues ao Instituto \u00c1gua e Terra (IAT), e algumas aves j\u00e1 mortas em gaiolas.<\/p>\n\n\n\n<p>Aproximadamente 50 galos de rinha foram identificados, dois deles feridos, junto com estruturas e apetrechos utilizados para treinamento.&nbsp;As equipes n\u00e3o encontraram nenhum alimento adequado aos animais no local.<\/p>\n\n\n\n<p>Os animais foram encaminhados para atendimento veterin\u00e1rio e os galos&nbsp;ficar\u00e3o sob a responsabilidade de um familiar do investigado at\u00e9 a defini\u00e7\u00e3o de destino.<\/p>\n\n\n\n<p>Uma den\u00fancia envolvendo a venda ilegal de filhotes de papagaio e a cria\u00e7\u00e3o de galos de rinha j\u00e1 havia sido registrada contra o respons\u00e1vel pela propriedade em 2023, ocasi\u00e3o em que o mandado n\u00e3o foi cumprido devido \u00e0 mudan\u00e7a de resid\u00eancia do investigado.<\/p>\n\n\n\n<p>O homem j\u00e1 est\u00e1 preso pelo crime de tr\u00e1fico de drogas. Ele foi capturado&nbsp;pela Pol\u00edcia Federal na \u00faltima quinta-feira (11), ocasi\u00e3o em que foi localizada 1,6 tonelada de maconha, ve\u00edculos e armas de fogo em sua propriedade.<\/p>\n\n\n\n<p><strong>DEN\u00daNCIAS<\/strong>&nbsp;\u2013 Em casos de maus-tratos, o cidad\u00e3o pode registrar um boletim de ocorr\u00eancia online no&nbsp;<a href=\"https:\/\/www.policiacivil.pr.gov.br\/protecaoanimal\" target=\"_blank\" rel=\"noreferrer noopener\">site da PCPR.<\/a>&nbsp;Nestas situa\u00e7\u00f5es, \u00e9 necess\u00e1rio que o crime esteja ocorrendo ou tenha ocorrido a pr\u00e1tica de ato de abuso, maus-tratos, ferimentos propositais de animais silvestres, dom\u00e9sticos ou domesticados, nativos ou ex\u00f3ticos. A popula\u00e7\u00e3o pode, ainda, denunciar o crime de forma an\u00f4nima por meio do Disque-Den\u00fancia 181, via telefone ou site, ou pelo telefone 197 da PCPR.<\/p>\n\n\n\n<p>AEN\/PR<\/p>\n","protected":false},"excerpt":{"rendered":"<p>A Pol\u00edcia Civil do Paran\u00e1 (PCPR) resgatou 70 animais em situa\u00e7\u00e3o de maus-tratos em uma propriedade rural localizada na Linha Gavi\u00e3o, distrito de Novo Sarandi, em Toledo, no Oeste do Estado. A a\u00e7\u00e3o ocorreu na sexta-feira (12) e no s\u00e1bado (13) em conjunto com a Secretaria Municipal do Meio Ambiente e a Ag\u00eancia de Defesa [&hellip;]<\/p>\n","protected":false},"author":2,"featured_media":72107,"comment_status":"open","ping_status":"open","sticky":false,"template":"","format":"standard","meta":{"advanced_seo_description":"","jetpack_seo_html_title":"","jetpack_seo_noindex":false,"_jetpack_memberships_contains_paid_content":false,"footnotes":""},"categories":[40],"tags":[],"class_list":{"0":"post-72106","1":"post","2":"type-post","3":"status-publish","4":"format-standard","5":"has-post-thumbnail","7":"category-destaques"},"jetpack_featured_media_url":"https:\/\/www.paranapraia.com.br\/wp-content\/uploads\/2025\/09\/imagem1_0.jpg","jetpack_sharing_enabled":true,"_links":{"self":[{"href":"https:\/\/www.paranapraia.com.br\/index.php\/wp-json\/wp\/v2\/posts\/72106"}],"collection":[{"href":"https:\/\/www.paranapraia.com.br\/index.php\/wp-json\/wp\/v2\/posts"}],"about":[{"href":"https:\/\/www.paranapraia.com.br\/index.php\/wp-json\/wp\/v2\/types\/post"}],"author":[{"embeddable":true,"href":"https:\/\/www.paranapraia.com.br\/index.php\/wp-json\/wp\/v2\/users\/2"}],"replies":[{"embeddable":true,"href":"https:\/\/www.paranapraia.com.br\/index.php\/wp-json\/wp\/v2\/comments?post=72106"}],"version-history":[{"count":1,"href":"https:\/\/www.paranapraia.com.br\/index.php\/wp-json\/wp\/v2\/posts\/72106\/revisions"}],"predecessor-version":[{"id":72108,"href":"https:\/\/www.paranapraia.com.br\/index.php\/wp-json\/wp\/v2\/posts\/72106\/revisions\/72108"}],"wp:featuredmedia":[{"embeddable":true,"href":"https:\/\/www.paranapraia.com.br\/index.php\/wp-json\/wp\/v2\/media\/72107"}],"wp:attachment":[{"href":"https:\/\/www.paranapraia.com.br\/index.php\/wp-json\/wp\/v2\/media?parent=72106"}],"wp:term":[{"taxonomy":"category","embeddable":true,"href":"https:\/\/www.paranapraia.com.br\/index.php\/wp-json\/wp\/v2\/categories?post=72106"},{"taxonomy":"post_tag","embeddable":true,"href":"https:\/\/www.paranapraia.com.br\/index.php\/wp-json\/wp\/v2\/tags?post=72106"}],"curies":[{"name":"wp","href":"https:\/\/api.w.org\/{rel}","templated":true}]}}