{"id":72102,"date":"2025-09-15T14:13:24","date_gmt":"2025-09-15T17:13:24","guid":{"rendered":"https:\/\/www.paranapraia.com.br\/?p=72102"},"modified":"2025-09-15T14:13:26","modified_gmt":"2025-09-15T17:13:26","slug":"camara-municipal-de-pontal-do-parana-convoca-aprovados-em-concurso-publico-e-reforca-compromisso-com-a-valorizacao-do-servico-publico","status":"publish","type":"post","link":"https:\/\/www.paranapraia.com.br\/index.php\/2025\/09\/15\/camara-municipal-de-pontal-do-parana-convoca-aprovados-em-concurso-publico-e-reforca-compromisso-com-a-valorizacao-do-servico-publico\/","title":{"rendered":"C\u00e2mara Municipal de Pontal do Paran\u00e1 convoca aprovados em concurso p\u00fablico e refor\u00e7a compromisso com a valoriza\u00e7\u00e3o do servi\u00e7o p\u00fablico"},"content":{"rendered":"\n<p>A C\u00e2mara Municipal de Pontal do Paran\u00e1 publicou o Edital de Convoca\u00e7\u00e3o n\u00ba 001\/2025, convocando os candidatos aprovados no Concurso P\u00fablico n\u00ba 001\/2024 para assumirem seus cargos. A convoca\u00e7\u00e3o contempla os primeiros colocados nos cargos de T\u00e9cnico de Inform\u00e1tica, T\u00e9cnico Administrativo e Auxiliar Administrativo, que dever\u00e3o se apresentar ao setor de Recursos Humanos da C\u00e2mara, localizado na Avenida Beira Mar, s\/n\u00ba, no balne\u00e1rio Pontal do Sul, no prazo de cinco dias \u00fateis, contados a partir da data da publica\u00e7\u00e3o do edital.<\/p>\n\n\n\n<p>De acordo com o documento, os convocados devem comparecer em hor\u00e1rio de expediente, das 08h \u00e0s 12h ou das 13h \u00e0s 17h, munidos de toda a documenta\u00e7\u00e3o exigida para a formaliza\u00e7\u00e3o da posse. A rela\u00e7\u00e3o de documentos inclui certid\u00f5es pessoais, comprovantes de quita\u00e7\u00e3o com a Justi\u00e7a Eleitoral e servi\u00e7o militar (para homens), documenta\u00e7\u00e3o de identifica\u00e7\u00e3o, comprovante de escolaridade e, quando aplic\u00e1vel, registro em \u00f3rg\u00e3o de classe. Tamb\u00e9m \u00e9 necess\u00e1rio apresentar fotografia 3&#215;4 recente, declara\u00e7\u00e3o de bens, comprovante de resid\u00eancia e certid\u00e3o negativa criminal, entre outros documentos descritos no edital.<\/p>\n\n\n\n<p>Foram convocados nesta etapa Bruno Nathan da Veiga Sureck, aprovado em primeiro lugar para o cargo de T\u00e9cnico de Inform\u00e1tica; Bruno de Souza Lins, primeiro colocado no cargo de T\u00e9cnico Administrativo; e R\u00fabia Regina Correa de Campos, classificada em primeiro lugar para o cargo de Auxiliar Administrativo. A aus\u00eancia de comparecimento dentro do prazo estabelecido ou a n\u00e3o apresenta\u00e7\u00e3o da documenta\u00e7\u00e3o exigida resultar\u00e1 na perda do direito \u00e0 nomea\u00e7\u00e3o. Caso o candidato manifeste interesse em adiar a posse, \u00e9 poss\u00edvel solicitar a inclus\u00e3o no final da lista de aprovados, desde que o pedido seja feito por escrito antes do exame admissional.<\/p>\n\n\n\n<p>A convoca\u00e7\u00e3o dos aprovados refor\u00e7a o compromisso da C\u00e2mara Municipal de Pontal do Paran\u00e1 com a valoriza\u00e7\u00e3o do servi\u00e7o p\u00fablico, a qualifica\u00e7\u00e3o dos quadros t\u00e9cnicos da institui\u00e7\u00e3o e a transpar\u00eancia em todas as etapas do processo seletivo. Para a presidente da Casa, vereadora Elinete, essa \u00e9 mais uma a\u00e7\u00e3o que fortalece o atendimento \u00e0 popula\u00e7\u00e3o e garante efici\u00eancia na gest\u00e3o p\u00fablica.<\/p>\n\n\n\n<div data-wp-interactive=\"core\/file\" class=\"wp-block-file\"><object data-wp-bind--hidden=\"!state.hasPdfPreview\"  class=\"wp-block-file__embed\" data=\"https:\/\/www.paranapraia.com.br\/wp-content\/uploads\/2025\/09\/publicacao-1.pdf\" type=\"application\/pdf\" style=\"width:100%;height:600px\" aria-label=\"Incorporado de publica\u00e7ao (1).\"><\/object><a id=\"wp-block-file--media-5de9d026-0e3c-4806-86e9-0600b1180492\" href=\"https:\/\/www.paranapraia.com.br\/wp-content\/uploads\/2025\/09\/publicacao-1.pdf\">publica\u00e7ao (1)<\/a><a href=\"https:\/\/www.paranapraia.com.br\/wp-content\/uploads\/2025\/09\/publicacao-1.pdf\" class=\"wp-block-file__button wp-element-button\" download aria-describedby=\"wp-block-file--media-5de9d026-0e3c-4806-86e9-0600b1180492\">Baixar<\/a><\/div>\n\n\n\n<p>Mais informa\u00e7\u00f5es podem ser obtidas diretamente no setor administrativo da C\u00e2mara, de segunda a sexta-feira, em hor\u00e1rio comercial.<\/p>\n\n\n\n<p>C\u00e2mara Municipal de Pontal do Paran\u00e1<\/p>\n","protected":false},"excerpt":{"rendered":"<p>A C\u00e2mara Municipal de Pontal do Paran\u00e1 publicou o Edital de Convoca\u00e7\u00e3o n\u00ba 001\/2025, convocando os candidatos aprovados no Concurso P\u00fablico n\u00ba 001\/2024 para assumirem seus cargos. A convoca\u00e7\u00e3o contempla os primeiros colocados nos cargos de T\u00e9cnico de Inform\u00e1tica, T\u00e9cnico Administrativo e Auxiliar Administrativo, que dever\u00e3o se apresentar ao setor de Recursos Humanos da C\u00e2mara, [&hellip;]<\/p>\n","protected":false},"author":2,"featured_media":72104,"comment_status":"open","ping_status":"open","sticky":false,"template":"","format":"standard","meta":{"advanced_seo_description":"","jetpack_seo_html_title":"","jetpack_seo_noindex":false,"_jetpack_memberships_contains_paid_content":false,"footnotes":""},"categories":[65],"tags":[],"class_list":{"0":"post-72102","1":"post","2":"type-post","3":"status-publish","4":"format-standard","5":"has-post-thumbnail","7":"category-pontal-do-parana"},"jetpack_featured_media_url":"https:\/\/www.paranapraia.com.br\/wp-content\/uploads\/2025\/09\/WhatsApp-Image-2025-09-15-at-11.25.24.jpeg","jetpack_sharing_enabled":true,"_links":{"self":[{"href":"https:\/\/www.paranapraia.com.br\/index.php\/wp-json\/wp\/v2\/posts\/72102"}],"collection":[{"href":"https:\/\/www.paranapraia.com.br\/index.php\/wp-json\/wp\/v2\/posts"}],"about":[{"href":"https:\/\/www.paranapraia.com.br\/index.php\/wp-json\/wp\/v2\/types\/post"}],"author":[{"embeddable":true,"href":"https:\/\/www.paranapraia.com.br\/index.php\/wp-json\/wp\/v2\/users\/2"}],"replies":[{"embeddable":true,"href":"https:\/\/www.paranapraia.com.br\/index.php\/wp-json\/wp\/v2\/comments?post=72102"}],"version-history":[{"count":1,"href":"https:\/\/www.paranapraia.com.br\/index.php\/wp-json\/wp\/v2\/posts\/72102\/revisions"}],"predecessor-version":[{"id":72105,"href":"https:\/\/www.paranapraia.com.br\/index.php\/wp-json\/wp\/v2\/posts\/72102\/revisions\/72105"}],"wp:featuredmedia":[{"embeddable":true,"href":"https:\/\/www.paranapraia.com.br\/index.php\/wp-json\/wp\/v2\/media\/72104"}],"wp:attachment":[{"href":"https:\/\/www.paranapraia.com.br\/index.php\/wp-json\/wp\/v2\/media?parent=72102"}],"wp:term":[{"taxonomy":"category","embeddable":true,"href":"https:\/\/www.paranapraia.com.br\/index.php\/wp-json\/wp\/v2\/categories?post=72102"},{"taxonomy":"post_tag","embeddable":true,"href":"https:\/\/www.paranapraia.com.br\/index.php\/wp-json\/wp\/v2\/tags?post=72102"}],"curies":[{"name":"wp","href":"https:\/\/api.w.org\/{rel}","templated":true}]}}