{"id":72093,"date":"2025-09-15T13:59:19","date_gmt":"2025-09-15T16:59:19","guid":{"rendered":"https:\/\/www.paranapraia.com.br\/?p=72093"},"modified":"2025-09-15T13:59:21","modified_gmt":"2025-09-15T16:59:21","slug":"parana-rosa-2025-tera-corrida-carreta-cartilha-e-acoes-integradas-pela-saude-da-mulher","status":"publish","type":"post","link":"https:\/\/www.paranapraia.com.br\/index.php\/2025\/09\/15\/parana-rosa-2025-tera-corrida-carreta-cartilha-e-acoes-integradas-pela-saude-da-mulher\/","title":{"rendered":"Paran\u00e1 Rosa 2025 ter\u00e1 corrida, carreta, cartilha e a\u00e7\u00f5es integradas pela sa\u00fade da mulher"},"content":{"rendered":"\n<p>Sa\u00fade, esporte, cultura e conscientiza\u00e7\u00e3o caminham juntas na preven\u00e7\u00e3o e cuidado com as mulheres paranaenses. O governador Carlos Massa Ratinho Junior, a primeira-dama Luciana Saito Massa e o secret\u00e1rio da Sa\u00fade, Beto Preto, lan\u00e7aram nesta segunda-feira (15) a s\u00e9tima edi\u00e7\u00e3o do Paran\u00e1 Rosa, campanha do Governo do Estado voltada para a sa\u00fade da mulher.<\/p>\n\n\n\n<p>Neste ano, a a\u00e7\u00e3o inicia em setembro e se estende at\u00e9 o m\u00eas de dezembro, com diversas iniciativas que refor\u00e7am a preven\u00e7\u00e3o, o autocuidado e o acesso a servi\u00e7os essenciais de sa\u00fade da mulher. A campanha contar\u00e1 com um conjunto de a\u00e7\u00f5es integradas para ampliar o cuidado e a conscientiza\u00e7\u00e3o do p\u00fablico feminino, principalmente em rela\u00e7\u00e3o \u00e0 preven\u00e7\u00e3o ao c\u00e2ncer de mama e ao c\u00e2ncer no colo do \u00fatero.<\/p>\n\n\n\n<p>\u201cMinha m\u00e3e teve c\u00e2ncer de mama, ent\u00e3o eu sei o quanto uma mulher sofre por causa dessa doen\u00e7a, porque \u00e9 um tratamento muito sofrido, que mexe com a autoestima e a sensibilidade da mulher\u201d, contou o governador. \u201cE o Paran\u00e1 Rosa \u00e9 um compromisso do Estado em levar a sa\u00fade cada vez mais perto das pessoas, especialmente das mulheres. A ideia \u00e9 que a campanha seja permanente, oferecendo preven\u00e7\u00e3o e acompanhamento ao longo de todo o ano, e n\u00e3o apenas em outubro\u201d.<\/p>\n\n\n\n<p>Idealizado em 2019 pela primeira-dama, um dos objetivos do Paran\u00e1 Rosa \u00e9 a detec\u00e7\u00e3o precoce do c\u00e2ncer de mama e do colo do \u00fatero, para evitar o avan\u00e7o das doen\u00e7as. \u201cO Paran\u00e1 Rosa nasceu do desejo profundo de cuidar de cada mulher paranaense como se fosse algu\u00e9m da nossa pr\u00f3pria fam\u00edlia\u201d, afirmou Luciana.<\/p>\n\n\n\n<p>\u201cNeste ano, ele ganha ainda mais for\u00e7a e alcance, com diversas a\u00e7\u00f5es integradas. Trabalhamos para promover a sa\u00fade integral da mulher, refor\u00e7ando que preven\u00e7\u00e3o e cuidado v\u00e3o muito al\u00e9m do diagn\u00f3stico, mas s\u00e3o um compromisso di\u00e1rio com a vida e com cada mulher do Paran\u00e1\u201d, ressaltou a primeira-dama.<\/p>\n\n\n\n<p>O secret\u00e1rio estadual da Sa\u00fade explicou que a ideia \u00e9 ter uma a\u00e7\u00e3o permanente de preven\u00e7\u00e3o e em prol da sa\u00fade das mulheres. \u201cO Paran\u00e1 Rosa chega \u00e0 sua s\u00e9tima edi\u00e7\u00e3o com maturidade. Vamos trabalhar para atender as regi\u00f5es mais distantes, ofertando um servi\u00e7o de diagn\u00f3stico mais pr\u00f3ximo das pessoas\u201d, disse Beto Preto. \u201cEstamos nos mobilizando a favor da preven\u00e7\u00e3o, com a ideia de que esse trabalho continue de forma permanente\u201d.<\/p>\n\n\n\n<figure class=\"wp-block-image\"><a href=\"https:\/\/www.parana.pr.gov.br\/Galeria-de-Imagens\/Lancamento-da-7a-Edicao-do-Parana-Rosa#&amp;gid=1&amp;pid=1\"><img decoding=\"async\" src=\"https:\/\/www.parana.pr.gov.br\/sites\/default\/arquivos_restritos\/files\/imagem\/2025-09\/parana_rosa_foto_rdziura-1643.jpg\" alt=\"Lan\u00e7amento da 7\u00aa Edi\u00e7\u00e3o do Paran\u00e1 Rosa\"\/><\/a><figcaption class=\"wp-element-caption\">Foto: Roberto Dziura Jr\/AEN<\/figcaption><\/figure>\n\n\n\n<p><br><strong>CARRETA DA SA\u00daDE E CARTILHA<\/strong>\u00a0\u2013 Uma das novidades desta edi\u00e7\u00e3o \u00e9 a\u00a0Carreta Sa\u00fade da Mulher, unidade m\u00f3vel que vai percorrer o Estado oferecendo exames de mamografia, ultrassonografia (mama, transvaginal e tireoide) e citol\u00f3gico (Papanicolau), com laudos r\u00e1pidos e atendimento ampliado para regi\u00f5es priorit\u00e1rias. Al\u00e9m de ser a carreta mais completa do Brasil, ele \u00e9 a primeira a oferecer quatro exames simult\u00e2neos, com laudos r\u00e1pidos e garantia de continuidade nos atendimentos pelo SUS.<\/p>\n\n\n\n<p>\u201cComo o servi\u00e7o de sa\u00fade \u00e0s vezes fica distante para as fam\u00edlias que moram na \u00e1rea rural e cidades menores, minha esposa, Luciana, veio com a ideia de um servi\u00e7o que chegasse at\u00e9 essas mulheres, que muitas vezes n\u00e3o t\u00eam tempo ou como se locomover para fazer um exame\u201d, ressaltou o governador.<\/p>\n\n\n\n<p>A iniciativa \u00e9 fruto de uma parceria com a Volkswagen do Brasil, por meio do programa Paran\u00e1 Competitivo. A unidade m\u00f3vel vai atender 48 munic\u00edpios entre os dias 16 de setembro e 12 de dezembro, com a expectativa de realizar 248 exames por dia, atendendo mais de 18 mil mulheres. Os agendamentos ser\u00e3o feitos pelos pr\u00f3prios munic\u00edpios.<\/p>\n\n\n\n<p>Tamb\u00e9m com foco na preven\u00e7\u00e3o, o Governo do Estado vai distribuir 150 mil Cartilhas Paran\u00e1 Rosa nas 22 Regionais de Sa\u00fade do Paran\u00e1. Os materiais contam com informa\u00e7\u00f5es sobre preven\u00e7\u00e3o, autocuidado e direitos da mulher.<\/p>\n\n\n\n<p><strong>ESPORTE, CULTURA E CIDADANIA<\/strong>&nbsp;\u2013 Tendo em vista a sa\u00fade integral da mulher, neste ano, tamb\u00e9m ser\u00e1 promovida a Corrida da Vigil\u00e2ncia em Sa\u00fade. Ela acontece neste ano em Curitiba em prol da luta contra o c\u00e2ncer de mama. A ideia \u00e9 mobilizar a sociedade, dar visibilidade e incentivar pr\u00e1tica de atividade f\u00edsica entre servidores e a comunidade.<\/p>\n\n\n\n<p>Tamb\u00e9m haver\u00e1 a exibi\u00e7\u00e3o, durante o m\u00eas de outubro, do filme \u201cC\u00e2ncer com Ascendente em Virgem\u201d, de Rosane Svartman, que mostra a rotina de uma professora e influenciadora digital ao descobrir o c\u00e2ncer de mama. Ele ser\u00e1 exibido em 41 cidades, em parceria com o Sesc-PR e a Secretaria da Cultura, e ter\u00e1 tamb\u00e9m um bate-papo para incentivar o cuidado preventivo do c\u00e2ncer entre as mulheres.<\/p>\n\n\n\n<p>O Governo do Estado tamb\u00e9m vai promover o Paran\u00e1 Rosa em a\u00e7\u00e3o, em parceria com a Secretaria da Justi\u00e7a e Cidadania, promovendo sa\u00fade e cidadania nos munic\u00edpios de Quedas do Igua\u00e7u, no Centro do Estado, e de Irati, no Centro-Sul.<\/p>\n\n\n\n<p>Ser\u00e3o oferecidos mais de 60 servi\u00e7os para a popula\u00e7\u00e3o, como emiss\u00e3o da carteira de identidade, negocia\u00e7\u00e3o de d\u00e9bitos com a Sanepar e a Copel, vagas de empregos e est\u00e1gios, al\u00e9m de exames e vacinas para as mulheres. As agendas tamb\u00e9m v\u00e3o incluir os servi\u00e7os do programa Justi\u00e7a no Bairro, do Tribunal de Justi\u00e7a do Paran\u00e1.<\/p>\n\n\n\n<p>Em Irati, as atividades acontecem nos dias 30 e 31 de outubro, das 9h \u00e0s 17h, no pavilh\u00e3o Jo\u00e3o Wasilewski do Parque Aqu\u00e1tico de Irati. E em Quedas do Igua\u00e7u, ser\u00e1 nos dias 10 e 11 de novembro, no Centro de Cultura, na Avenida Tarum\u00e3, 1880.<\/p>\n\n\n\n<figure class=\"wp-block-image\"><a href=\"https:\/\/www.parana.pr.gov.br\/aen\/Noticia\/parana.pr.gov.br\/Galeria-de-Imagens\/Lancamento-da-7a-Edicao-do-Parana-Rosa#&amp;gid=1&amp;pid=13\"><img decoding=\"async\" src=\"https:\/\/www.parana.pr.gov.br\/sites\/default\/arquivos_restritos\/files\/imagem\/2025-09\/parana_rosa_foto_rdziura-1586.jpg\" alt=\"Lan\u00e7amento da 7\u00aa Edi\u00e7\u00e3o do Paran\u00e1 Rosa\"\/><\/a><figcaption class=\"wp-element-caption\">Foto: Roberto Dziura Jr\/AEN<\/figcaption><\/figure>\n\n\n\n<p><br><strong>PRESEN\u00c7AS&nbsp;<\/strong>\u2013 Participaram da solenidade o vice-governador Darci Piana; o presidente da Assembleia Legislativa do Paran\u00e1, Alexandre Curi; o chefe da Casa Civil, Jo\u00e3o Carlos Ortega; os secret\u00e1rios estaduais da Justi\u00e7a e Cidadania, Valdemar Bernardo Jorge; da Cultura, Luciana Casagrande Pereira; do Planejamento, Ulisses Maia; da Administra\u00e7\u00e3o e Previd\u00eancia, Luiz\u00e3o Goulart; do Trabalho, Qualifica\u00e7\u00e3o e Renda, Do Carmo; do Desenvolvimento Social e Fam\u00edlia, Rog\u00e9rio Carboni; o coordenador estadual da Defesa Civil, coronel Fernando Schunig; os deputados federais Beto Richa e Ricardo Barros; as deputadas estaduais Cloara Pinheiro, Fl\u00e1via Francischini, Maria Victoria e Mara Lima e o deputado Lu\u00eds Corti; a prefeita de S\u00e3o Jos\u00e9 dos Pinhais, Nina Singer, e prefeitos de v\u00e1rias regi\u00f5es do Paran\u00e1; a desembargadora Lenice Bodstein; o diretor-geral da Secretaria de Sa\u00fade, C\u00e9sar Neves; a diretora de Aten\u00e7\u00e3o e Vigil\u00e2ncia em Sa\u00fade, Maria Goretti;&nbsp;e&nbsp;o diretor-executivo de Rela\u00e7\u00f5es Institucionais e Governamentais da Volkswagen do Brasil, Luiz Ricardo de Medeiros Santiago.<\/p>\n\n\n\n<p>AEN\/PR<\/p>\n","protected":false},"excerpt":{"rendered":"<p>Sa\u00fade, esporte, cultura e conscientiza\u00e7\u00e3o caminham juntas na preven\u00e7\u00e3o e cuidado com as mulheres paranaenses. O governador Carlos Massa Ratinho Junior, a primeira-dama Luciana Saito Massa e o secret\u00e1rio da Sa\u00fade, Beto Preto, lan\u00e7aram nesta segunda-feira (15) a s\u00e9tima edi\u00e7\u00e3o do Paran\u00e1 Rosa, campanha do Governo do Estado voltada para a sa\u00fade da mulher. Neste [&hellip;]<\/p>\n","protected":false},"author":2,"featured_media":72094,"comment_status":"open","ping_status":"open","sticky":false,"template":"","format":"standard","meta":{"advanced_seo_description":"","jetpack_seo_html_title":"","jetpack_seo_noindex":false,"_jetpack_memberships_contains_paid_content":false,"footnotes":""},"categories":[40],"tags":[],"class_list":{"0":"post-72093","1":"post","2":"type-post","3":"status-publish","4":"format-standard","5":"has-post-thumbnail","7":"category-destaques"},"jetpack_featured_media_url":"https:\/\/www.paranapraia.com.br\/wp-content\/uploads\/2025\/09\/parana_rosa_foto_rdziura-1517-scaled.jpg","jetpack_sharing_enabled":true,"_links":{"self":[{"href":"https:\/\/www.paranapraia.com.br\/index.php\/wp-json\/wp\/v2\/posts\/72093"}],"collection":[{"href":"https:\/\/www.paranapraia.com.br\/index.php\/wp-json\/wp\/v2\/posts"}],"about":[{"href":"https:\/\/www.paranapraia.com.br\/index.php\/wp-json\/wp\/v2\/types\/post"}],"author":[{"embeddable":true,"href":"https:\/\/www.paranapraia.com.br\/index.php\/wp-json\/wp\/v2\/users\/2"}],"replies":[{"embeddable":true,"href":"https:\/\/www.paranapraia.com.br\/index.php\/wp-json\/wp\/v2\/comments?post=72093"}],"version-history":[{"count":1,"href":"https:\/\/www.paranapraia.com.br\/index.php\/wp-json\/wp\/v2\/posts\/72093\/revisions"}],"predecessor-version":[{"id":72095,"href":"https:\/\/www.paranapraia.com.br\/index.php\/wp-json\/wp\/v2\/posts\/72093\/revisions\/72095"}],"wp:featuredmedia":[{"embeddable":true,"href":"https:\/\/www.paranapraia.com.br\/index.php\/wp-json\/wp\/v2\/media\/72094"}],"wp:attachment":[{"href":"https:\/\/www.paranapraia.com.br\/index.php\/wp-json\/wp\/v2\/media?parent=72093"}],"wp:term":[{"taxonomy":"category","embeddable":true,"href":"https:\/\/www.paranapraia.com.br\/index.php\/wp-json\/wp\/v2\/categories?post=72093"},{"taxonomy":"post_tag","embeddable":true,"href":"https:\/\/www.paranapraia.com.br\/index.php\/wp-json\/wp\/v2\/tags?post=72093"}],"curies":[{"name":"wp","href":"https:\/\/api.w.org\/{rel}","templated":true}]}}