{"id":72090,"date":"2025-09-15T13:54:49","date_gmt":"2025-09-15T16:54:49","guid":{"rendered":"https:\/\/www.paranapraia.com.br\/?p=72090"},"modified":"2025-09-15T13:54:51","modified_gmt":"2025-09-15T16:54:51","slug":"equoterapia-transforma-a-vida-de-criancas-e-adolescentes-em-pontal-do-parana","status":"publish","type":"post","link":"https:\/\/www.paranapraia.com.br\/index.php\/2025\/09\/15\/equoterapia-transforma-a-vida-de-criancas-e-adolescentes-em-pontal-do-parana\/","title":{"rendered":"Equoterapia transforma a vida de crian\u00e7as e adolescentes em Pontal do Paran\u00e1"},"content":{"rendered":"\n<p>A <a><\/a>Equoterapia \u00e9 um m\u00e9todo terap\u00eautico que usa o cavalo para desenvolver aspectos f\u00edsicos, emocionais e sociais.<\/p>\n\n\n\n<p>O projeto, pioneiro no litoral do Paran\u00e1 desde 2004, atende crian\u00e7as e adolescentes com defici\u00eancia intelectual, m\u00faltiplas ou transtornos globais de desenvolvimento.<\/p>\n\n\n\n<p>Entre os benef\u00edcios est\u00e3o melhora da for\u00e7a muscular, equil\u00edbrio, coordena\u00e7\u00e3o motora, autoconfian\u00e7a, autoestima e socializa\u00e7\u00e3o.<\/p>\n\n\n\n<p>Segundo Lizmari Simioni Rusycki, coordenadora do Centro de Equoterapia da Escola Municipal Ilha do Saber, as crian\u00e7as atendidas j\u00e1 passaram por outras terapias:<\/p>\n\n\n\n<p>\u201cS\u00e3o crian\u00e7as da rede municipal que j\u00e1 fizeram sess\u00f5es com fonoaudi\u00f3logo ou psic\u00f3logo. A equoterapia chega como complemento essencial para o desenvolvimento delas\u201d, explica Lizmari.<\/p>\n\n\n\n<p>Daniele, m\u00e3e de Lu\u00edse Rodrigues, acrescenta que a filha foi indicada pela escola por ser autista e ter TDAH:<\/p>\n\n\n\n<p>\u201cTem ajudado muito ela no desenvolvimento motor, \u00e9 muito bom para o aluno\u201d, comenta.<\/p>\n\n\n\n<p>O programa \u00e9 oferecido gratuitamente. Segundo o psic\u00f3logo do centro, Guilherme Abreu, os resultados s\u00e3o percept\u00edveis em pouco tempo:<\/p>\n\n\n\n<p>\u201cVemos progresso r\u00e1pido, as fam\u00edlias ficam felizes e n\u00f3s tamb\u00e9m ao acompanhar a evolu\u00e7\u00e3o dos alunos. Atendemos crian\u00e7as da modalidade especial da escola e alunos de inclus\u00e3o da rede municipal.\u201d<\/p>\n\n\n\n<p>Para participar, \u00e9 necess\u00e1rio encaminhamento m\u00e9dico enviado ao Departamento de Educa\u00e7\u00e3o Especial. Atualmente, cerca de 50 crian\u00e7as participam das sess\u00f5es, que acontecem \u00e0s segundas, quartas e sextas, pela manh\u00e3 e \u00e0 tarde.<\/p>\n\n\n\n<p><strong>Bazar Beneficente<\/strong><\/p>\n\n\n\n<p>Para apoiar o projeto, foi criado o Bazar Beneficente APF Ilha do Saber, por Dona Maria Aparecida da Silva, av\u00f3 de Jo\u00e3o Vitor, de 6 anos, aluno do programa.<\/p>\n\n\n\n<p>O bazar funciona de segunda a sexta, em hor\u00e1rio comercial, no Centro de Equoterapia (Rua Maria de Lourdes Kossatz, n\u00ba 1111). Toda a arrecada\u00e7\u00e3o \u00e9 destinada \u00e0s crian\u00e7as, incluindo sess\u00f5es de fonoaudiologia, psicologia e equoterapia.<\/p>\n\n\n\n<p><strong>Escola Municipal Ilha do Saber \u2013 Educa\u00e7\u00e3o Especial<\/strong><\/p>\n\n\n\n<p>A unidade oferece atendimento educacional especializado a pessoas com defici\u00eancia intelectual, transtornos globais de desenvolvimento e defici\u00eancia f\u00edsica neuromotora associada a m\u00faltiplas defici\u00eancias, nos n\u00edveis moderado e severo. Atende alunos de 0 a 55 anos, entre Educa\u00e7\u00e3o Infantil, Ensino Fundamental e Educa\u00e7\u00e3o Profissional.<\/p>\n\n\n\n<p>Al\u00e9m das atividades escolares, a escola oferece oficinas de marcenaria, arte em EVA, pintura em tecido, tear, bonecos de fuxico, talagar\u00e7a, decora\u00e7\u00e3o de caixas e croch\u00ea.<\/p>\n\n\n\n<p>Prefeitura de Pontal do Paran\u00e1<\/p>\n","protected":false},"excerpt":{"rendered":"<p>A Equoterapia \u00e9 um m\u00e9todo terap\u00eautico que usa o cavalo para desenvolver aspectos f\u00edsicos, emocionais e sociais. O projeto, pioneiro no litoral do Paran\u00e1 desde 2004, atende crian\u00e7as e adolescentes com defici\u00eancia intelectual, m\u00faltiplas ou transtornos globais de desenvolvimento. Entre os benef\u00edcios est\u00e3o melhora da for\u00e7a muscular, equil\u00edbrio, coordena\u00e7\u00e3o motora, autoconfian\u00e7a, autoestima e socializa\u00e7\u00e3o. Segundo [&hellip;]<\/p>\n","protected":false},"author":2,"featured_media":72091,"comment_status":"open","ping_status":"open","sticky":false,"template":"","format":"standard","meta":{"advanced_seo_description":"","jetpack_seo_html_title":"","jetpack_seo_noindex":false,"_jetpack_memberships_contains_paid_content":false,"footnotes":""},"categories":[65],"tags":[],"class_list":{"0":"post-72090","1":"post","2":"type-post","3":"status-publish","4":"format-standard","5":"has-post-thumbnail","7":"category-pontal-do-parana"},"jetpack_featured_media_url":"https:\/\/www.paranapraia.com.br\/wp-content\/uploads\/2025\/09\/547687291_1132640262298263_6235803556486584338_n.jpg","jetpack_sharing_enabled":true,"_links":{"self":[{"href":"https:\/\/www.paranapraia.com.br\/index.php\/wp-json\/wp\/v2\/posts\/72090"}],"collection":[{"href":"https:\/\/www.paranapraia.com.br\/index.php\/wp-json\/wp\/v2\/posts"}],"about":[{"href":"https:\/\/www.paranapraia.com.br\/index.php\/wp-json\/wp\/v2\/types\/post"}],"author":[{"embeddable":true,"href":"https:\/\/www.paranapraia.com.br\/index.php\/wp-json\/wp\/v2\/users\/2"}],"replies":[{"embeddable":true,"href":"https:\/\/www.paranapraia.com.br\/index.php\/wp-json\/wp\/v2\/comments?post=72090"}],"version-history":[{"count":1,"href":"https:\/\/www.paranapraia.com.br\/index.php\/wp-json\/wp\/v2\/posts\/72090\/revisions"}],"predecessor-version":[{"id":72092,"href":"https:\/\/www.paranapraia.com.br\/index.php\/wp-json\/wp\/v2\/posts\/72090\/revisions\/72092"}],"wp:featuredmedia":[{"embeddable":true,"href":"https:\/\/www.paranapraia.com.br\/index.php\/wp-json\/wp\/v2\/media\/72091"}],"wp:attachment":[{"href":"https:\/\/www.paranapraia.com.br\/index.php\/wp-json\/wp\/v2\/media?parent=72090"}],"wp:term":[{"taxonomy":"category","embeddable":true,"href":"https:\/\/www.paranapraia.com.br\/index.php\/wp-json\/wp\/v2\/categories?post=72090"},{"taxonomy":"post_tag","embeddable":true,"href":"https:\/\/www.paranapraia.com.br\/index.php\/wp-json\/wp\/v2\/tags?post=72090"}],"curies":[{"name":"wp","href":"https:\/\/api.w.org\/{rel}","templated":true}]}}