{"id":72087,"date":"2025-09-15T11:23:02","date_gmt":"2025-09-15T14:23:02","guid":{"rendered":"https:\/\/www.paranapraia.com.br\/?p=72087"},"modified":"2025-09-15T11:23:05","modified_gmt":"2025-09-15T14:23:05","slug":"parana-lanca-a-mais-completa-unidade-movel-de-saude-da-mulher-do-brasil","status":"publish","type":"post","link":"https:\/\/www.paranapraia.com.br\/index.php\/2025\/09\/15\/parana-lanca-a-mais-completa-unidade-movel-de-saude-da-mulher-do-brasil\/","title":{"rendered":"Paran\u00e1 lan\u00e7a a mais completa unidade m\u00f3vel de sa\u00fade da mulher do Brasil"},"content":{"rendered":"\n<p>O governador Carlos Massa Ratinho Junior anunciou nesta segunda-feira (15) o lan\u00e7amento da Carreta Sa\u00fade da Mulher. A iniciativa do Governo do Estado, via Secretaria da Sa\u00fade (Sesa), foi viabilizada por meio de uma parceria com a Volkswagen do Brasil, no \u00e2mbito do programa Paran\u00e1 Competitivo, e prev\u00ea investimentos de R$ 10,8 milh\u00f5es para a opera\u00e7\u00e3o de uma unidade m\u00f3vel que prestar\u00e1 exames m\u00e9dicos gratuitos a 18 mil mulheres de 48 munic\u00edpios paranaenses at\u00e9 o fim deste ano.<\/p>\n\n\n\n<p>A carreta oferecer\u00e1 cinco exames simult\u00e2neos \u2013 mamografia, ultrassonografia de mama, ultrassonografia transvaginal, ultrassonografia de tireoide e papanicolau \u2013 al\u00e9m de orienta\u00e7\u00f5es de promo\u00e7\u00e3o da sa\u00fade e autocuidado. Os servi\u00e7os ser\u00e3o operados pela empresa Flexmedical, especializada em unidades m\u00f3veis de sa\u00fade, com uma equipe formada por nove profissionais, incluindo m\u00e9dicos cl\u00ednico geral, ginecologista, radiologista, enfermeiros e t\u00e9cnicos de radiologia.<\/p>\n\n\n\n<p>Segundo Ratinho Junior, o lan\u00e7amento da unidade m\u00f3vel especializada marca o in\u00edcio do Paran\u00e1 Rosa \u2013 campanha estadual para promo\u00e7\u00e3o da sa\u00fade da mulher. \u201cHoje damos a largada para a Paran\u00e1 Rosa, em um dia muito simb\u00f3lico para o Estado. Com esta carreta, vamos levar a sa\u00fade para mais perto das pessoas, em especial das mulheres. Ela vai rodar o Estado com equipamentos de ponta, quatro consult\u00f3rios internos e capacidade para atender cerca de 250 mulheres por dia, oferecendo exames ginecol\u00f3gicos e de preven\u00e7\u00e3o ao c\u00e2ncer de mama\u201d, afirmou.<\/p>\n\n\n\n<p>O governador lembrou que a iniciativa se soma \u00e0 expans\u00e3o da rede estadual de sa\u00fade, que inclui a implanta\u00e7\u00e3o dos Ambulat\u00f3rios M\u00e9dicos de Especialidades (AMEs) e a integra\u00e7\u00e3o com hospitais regionais e filantr\u00f3picos. O objetivo, de acordo com Ratinho Junior, \u00e9 descentralizar os atendimentos e chegar a locais onde a dist\u00e2ncia \u00e9 um obst\u00e1culo.<\/p>\n\n\n\n<p>\u201cMuitas mulheres do campo ou de regi\u00f5es mais afastadas n\u00e3o conseguem se deslocar at\u00e9 um centro urbano para realizar consultas e exames. Por isso, essa estrutura m\u00f3vel garante n\u00e3o apenas o diagn\u00f3stico, mas tamb\u00e9m o encaminhamento para continuidade do tratamento dentro da rede p\u00fablica de sa\u00fade, ampliando o alcance do Paran\u00e1 Rosa durante todo o ano\u201d, concluiu.<\/p>\n\n\n\n<p><strong>ATENDIMENTOS&nbsp;<\/strong>\u2013 O atendimento ser\u00e1 de segunda a sexta-feira, das 8h \u00e0s 19h, e aos s\u00e1bados, das 8h \u00e0s 17h, mediante agendamento pr\u00e9vio, com capacidade para 248 atendimentos di\u00e1rios. A prioridade \u00e9 para o atendimento de regi\u00f5es de maior vulnerabilidade social, beneficiando mulheres de \u00e1reas rurais, comunidades tradicionais e localidades afastadas dos centros urbanos.<\/p>\n\n\n\n<p>A estrutura da unidade m\u00f3vel garante laudos r\u00e1pidos e continuidade no atendimento em caso de altera\u00e7\u00f5es, com v\u00ednculo direto \u00e0 rede do Sistema \u00danico de Sa\u00fade (SUS). As pacientes recebem login e senha para acessar resultados online, enquanto as equipes municipais de sa\u00fade utilizam um sistema online para organizar o agendamento e acompanhamento.<\/p>\n\n\n\n<p>A carreta passar\u00e1 por 13 munic\u00edpios, permanecendo cerca de uma semana em cada um deles. A primeira a receber o servi\u00e7o ser\u00e1 S\u00e3o Jos\u00e9 dos Pinhais, entre 16 e 20 de setembro. Em cada localidade, a carreta atender\u00e1 mulheres previamente agendadas pelas secretarias municipais de sa\u00fade, abrangendo tamb\u00e9m munic\u00edpios vizinhos, o que garantir\u00e1 uma cobertura de 48 localidades.<\/p>\n\n\n\n<p>De acordo com o secret\u00e1rio estadual da Sa\u00fade, Beto Preto, a escolha dos munic\u00edpios desta primeira etapa prioriza regi\u00f5es onde o acesso aos exames \u00e9 mais dif\u00edcil, sendo posteriormente ampliada todo o Paran\u00e1. \u201cS\u00e3o 43 munic\u00edpios que ter\u00e3o acesso garantido nesses primeiros 90 dias. Depois, a carreta passa a ser patrim\u00f4nio definitivo do Estado e seguir\u00e1 percorrendo outras regi\u00f5es, durante todo o ano, com equipamentos m\u00e9dicos de ponta \u00e0 disposi\u00e7\u00e3o da popula\u00e7\u00e3o paranaense\u201d, comentou.<\/p>\n\n\n\n<p>Ele destacou que o trabalho n\u00e3o se limitar\u00e1 \u00e0 realiza\u00e7\u00e3o dos exames, com continuidade dos atendimentos dentro da rede p\u00fablica de sa\u00fade. \u201cQuando forem detectadas altera\u00e7\u00f5es nos exames, os casos ser\u00e3o encaminhados para hospitais p\u00fablicos e filantr\u00f3picos que j\u00e1 atendem as quatro macrorregi\u00f5es do Estado. As agendas ser\u00e3o abertas pelas Secretarias Municipais de Sa\u00fade no sistema da Sesa, em um esfor\u00e7o conjunto para assegurar a ocupa\u00e7\u00e3o da capacidade m\u00e1xima de atendimentos di\u00e1rios\u201d, acrescentou Beto Preto.<\/p>\n\n\n\n<p><strong>PARAN\u00c1 COMPETITIVO&nbsp;<\/strong>\u2013 A iniciativa foi viabilizada pela Volkswagen do Brasil em parceria com o Governo do Estado. A participa\u00e7\u00e3o da montadora est\u00e1 vinculada ao Programa Paran\u00e1 Competitivo, pol\u00edtica estadual de incentivos fiscais que, al\u00e9m de estimular investimentos produtivos no Paran\u00e1, prev\u00ea contrapartidas sociais das empresas participantes.<\/p>\n\n\n\n<p>H\u00e1 pouco mais de um ano, a Volkswagen anunciou\u00a0R$ 3 bilh\u00f5es em novos investimentos em sua f\u00e1brica em S\u00e3o Jos\u00e9 dos Pinhais, na Regi\u00e3o Metropolitana de Curitiba, garantindo a produ\u00e7\u00e3o de novos modelos e a manuten\u00e7\u00e3o de milhares de empregos. Como parte desse acordo, a empresa destinou R$ 11,7 milh\u00f5es em projetos de sa\u00fade e qualifica\u00e7\u00e3o profissional, entre eles a implanta\u00e7\u00e3o e opera\u00e7\u00e3o da Carreta Sa\u00fade da Mulher.<\/p>\n\n\n\n<p>O diretor de Assuntos Institucionais da Volkswagen do Brasil, Luiz Ricardo de Medeiros Santiago, explicou que o modelo adotado fortalece a parceria p\u00fablico-privada. \u201cA carreta foi adquirida nova e transformada em uma unidade volante para atender mulheres em todo o Paran\u00e1, com exames de mamografia, ginecol\u00f3gicos e de tireoide. Neste primeiro ano, a opera\u00e7\u00e3o ser\u00e1 feita pela Flex Medical, empresa respons\u00e1vel pela adapta\u00e7\u00e3o da estrutura e com experi\u00eancia nesse tipo de projeto\u201d, declarou Santiago.<\/p>\n\n\n\n<p>Ao final do ano, a unidade m\u00f3vel ser\u00e1 doada ao Governo do Estado, garantindo a continuidade dos servi\u00e7os de forma permanente e mantendo o Paran\u00e1 como refer\u00eancia nacional em pol\u00edticas p\u00fablicas de sa\u00fade da mulher.<\/p>\n\n\n\n<figure class=\"wp-block-image\"><a href=\"https:\/\/www.parana.pr.gov.br\/Galeria-de-Imagens\/GOVERNADOR-SESA-3#&amp;gid=1&amp;pid=20\"><img decoding=\"async\" src=\"https:\/\/www.parana.pr.gov.br\/sites\/default\/arquivos_restritos\/files\/imagem\/2025-09\/whatsapp_image_2025-09-15_at_09.15.22.jpg\" alt=\"A\"\/><\/a><figcaption class=\"wp-element-caption\">Foto: Geraldo Bubniak\/AEN<\/figcaption><\/figure>\n\n\n\n<figure class=\"wp-block-image\"><a href=\"https:\/\/www.parana.pr.gov.br\/Galeria-de-Imagens\/GOVERNADOR-SESA-3#&amp;gid=1&amp;pid=16\"><img decoding=\"async\" src=\"https:\/\/www.parana.pr.gov.br\/sites\/default\/arquivos_restritos\/files\/imagem\/2025-09\/20250915_agb_carreta-4.jpg\" alt=\"ROSA\"\/><\/a><figcaption class=\"wp-element-caption\">Foto: Geraldo Bubniak\/AEN<\/figcaption><\/figure>\n\n\n\n<p><br><strong>DIAGN\u00d3STICO PRECOCE<\/strong>&nbsp;\u2013 Os servi\u00e7os m\u00e9dicos dispon\u00edveis s\u00e3o considerados fundamentais para a detec\u00e7\u00e3o precoce de doen\u00e7as que mais afetam a sa\u00fade feminina. Quando realizados de forma regular, os exames aumentam as chances de tratamento eficaz e reduzem riscos de complica\u00e7\u00f5es e mortes.<\/p>\n\n\n\n<p>A mamografia permite identificar n\u00f3dulos e sinais iniciais de c\u00e2ncer de mama; o papanicolau \u00e9 essencial para prevenir e diagnosticar o c\u00e2ncer do colo do \u00fatero; a ultrassonografia contribui para avaliar altera\u00e7\u00f5es em \u00f3rg\u00e3os como \u00fatero e ov\u00e1rios; e o ultrassom de tireoide ajuda a encontrar n\u00f3dulos e disfun\u00e7\u00f5es da gl\u00e2ndula.<\/p>\n\n\n\n<p><strong>PARAN\u00c1 ROSA&nbsp;<\/strong>\u2013 A Carreta Sa\u00fade da Mulher integra as a\u00e7\u00f5es do&nbsp;<a href=\"https:\/\/www.paranarosa.pr.gov.br\/\" target=\"_blank\" rel=\"noreferrer noopener\">Paran\u00e1 Rosa 2025<\/a>, campanha capitaneada pela primeira-dama Luciana Saito Massa e executada pela Sesa. Em sua 7\u00aa edi\u00e7\u00e3o, a iniciativa \u00e9 voltada \u00e0 amplia\u00e7\u00e3o da preven\u00e7\u00e3o e do diagn\u00f3stico precoce de doen\u00e7as femininas.<\/p>\n\n\n\n<p>Criada em 2019, a campanha visa ampliar as a\u00e7\u00f5es no territ\u00f3rio paranaense, criando um ambiente permanente de preven\u00e7\u00e3o, autocuidado e mobiliza\u00e7\u00e3o pela sa\u00fade da mulher. Desde ent\u00e3o, ela engloba uma s\u00e9rie de a\u00e7\u00f5es de conscientiza\u00e7\u00e3o, exames, palestras e atividades em todo o Paran\u00e1, com foco especial na preven\u00e7\u00e3o e no diagn\u00f3stico precoce de doen\u00e7as como o c\u00e2ncer de mama e o c\u00e2ncer do colo do \u00fatero.<\/p>\n\n\n\n<p>De acordo com estimativas dos \u00f3rg\u00e3os de sa\u00fade, o Paran\u00e1 deve registrar 3.650 novos casos de c\u00e2ncer de mama e 790 casos de c\u00e2ncer do colo do \u00fatero at\u00e9 o fim deste ano, doen\u00e7as que est\u00e3o entre as principais causas de morte precoce de mulheres no Estado.<\/p>\n\n\n\n<p>\u201cO Paran\u00e1 Rosa nasceu do desejo de cuidar de cada mulher paranaense. Em 2025, realizamos um grande sonho com a Carreta Sa\u00fade da Mulher, viabilizada por meio de uma parceria com a Volkswagen, que vai ampliar o cuidado e levar servi\u00e7os essenciais para regi\u00f5es onde as mulheres mais precisam de aten\u00e7\u00e3o\u201d, disse a primeira-dama.<\/p>\n\n\n\n<p>\u201cMais do que oferecer exames, queremos levar acolhimento, esperan\u00e7a e a certeza que cada mulher tem um valor imenso e merece ser cuidada com amor, respeito e dignidade. Este ano, demos mais um passo, estendendo as a\u00e7\u00f5es para a sa\u00fade integral da mulher e refor\u00e7ando que a preven\u00e7\u00e3o e o cuidado v\u00e3o muito al\u00e9m do diagn\u00f3stico\u201d, complementou Luciana.<\/p>\n\n\n\n<p>AEN\/PR<\/p>\n","protected":false},"excerpt":{"rendered":"<p>O governador Carlos Massa Ratinho Junior anunciou nesta segunda-feira (15) o lan\u00e7amento da Carreta Sa\u00fade da Mulher. A iniciativa do Governo do Estado, via Secretaria da Sa\u00fade (Sesa), foi viabilizada por meio de uma parceria com a Volkswagen do Brasil, no \u00e2mbito do programa Paran\u00e1 Competitivo, e prev\u00ea investimentos de R$ 10,8 milh\u00f5es para a [&hellip;]<\/p>\n","protected":false},"author":2,"featured_media":72088,"comment_status":"open","ping_status":"open","sticky":false,"template":"","format":"standard","meta":{"advanced_seo_description":"","jetpack_seo_html_title":"","jetpack_seo_noindex":false,"_jetpack_memberships_contains_paid_content":false,"footnotes":""},"categories":[40],"tags":[],"class_list":{"0":"post-72087","1":"post","2":"type-post","3":"status-publish","4":"format-standard","5":"has-post-thumbnail","7":"category-destaques"},"jetpack_featured_media_url":"https:\/\/www.paranapraia.com.br\/wp-content\/uploads\/2025\/09\/20250915_agb_carreta-16-scaled.jpg","jetpack_sharing_enabled":true,"_links":{"self":[{"href":"https:\/\/www.paranapraia.com.br\/index.php\/wp-json\/wp\/v2\/posts\/72087"}],"collection":[{"href":"https:\/\/www.paranapraia.com.br\/index.php\/wp-json\/wp\/v2\/posts"}],"about":[{"href":"https:\/\/www.paranapraia.com.br\/index.php\/wp-json\/wp\/v2\/types\/post"}],"author":[{"embeddable":true,"href":"https:\/\/www.paranapraia.com.br\/index.php\/wp-json\/wp\/v2\/users\/2"}],"replies":[{"embeddable":true,"href":"https:\/\/www.paranapraia.com.br\/index.php\/wp-json\/wp\/v2\/comments?post=72087"}],"version-history":[{"count":1,"href":"https:\/\/www.paranapraia.com.br\/index.php\/wp-json\/wp\/v2\/posts\/72087\/revisions"}],"predecessor-version":[{"id":72089,"href":"https:\/\/www.paranapraia.com.br\/index.php\/wp-json\/wp\/v2\/posts\/72087\/revisions\/72089"}],"wp:featuredmedia":[{"embeddable":true,"href":"https:\/\/www.paranapraia.com.br\/index.php\/wp-json\/wp\/v2\/media\/72088"}],"wp:attachment":[{"href":"https:\/\/www.paranapraia.com.br\/index.php\/wp-json\/wp\/v2\/media?parent=72087"}],"wp:term":[{"taxonomy":"category","embeddable":true,"href":"https:\/\/www.paranapraia.com.br\/index.php\/wp-json\/wp\/v2\/categories?post=72087"},{"taxonomy":"post_tag","embeddable":true,"href":"https:\/\/www.paranapraia.com.br\/index.php\/wp-json\/wp\/v2\/tags?post=72087"}],"curies":[{"name":"wp","href":"https:\/\/api.w.org\/{rel}","templated":true}]}}