{"id":72084,"date":"2025-09-15T11:19:34","date_gmt":"2025-09-15T14:19:34","guid":{"rendered":"https:\/\/www.paranapraia.com.br\/?p=72084"},"modified":"2025-09-15T11:19:36","modified_gmt":"2025-09-15T14:19:36","slug":"prefeitura-de-pontal-do-parana-recebe-representantes-da-agepar-para-discutir-demandas-municipais","status":"publish","type":"post","link":"https:\/\/www.paranapraia.com.br\/index.php\/2025\/09\/15\/prefeitura-de-pontal-do-parana-recebe-representantes-da-agepar-para-discutir-demandas-municipais\/","title":{"rendered":"Prefeitura de Pontal do Paran\u00e1 recebe representantes da Agepar para discutir demandas municipais"},"content":{"rendered":"\n<p>Na <a><\/a>\u00faltima semana, o gabinete da Prefeitura de Pontal do Paran\u00e1 recebeu representantes da Ag\u00eancia Reguladora de Servi\u00e7os P\u00fablicos Delegados do Paran\u00e1 (Agepar).<\/p>\n\n\n\n<p>O objetivo da visita foi ampliar o di\u00e1logo entre o munic\u00edpio e a Agepar, promovendo a troca de informa\u00e7\u00f5es sobre programas em andamento, como o Fundo Municipal de Saneamento B\u00e1sico e Ambiental (FMSBA) e o projeto Agepar na Escola.<\/p>\n\n\n\n<p>Durante a reuni\u00e3o, foram apresentadas as demandas espec\u00edficas de Pontal do Paran\u00e1 e discutidas a\u00e7\u00f5es para melhorar a gest\u00e3o dos servi\u00e7os p\u00fablicos.<\/p>\n\n\n\n<p>O Diretor de Fiscaliza\u00e7\u00e3o e Qualidade dos Servi\u00e7os da Ag\u00eancia, engenheiro S\u00e9rgio Cequinel, informou que a fiscaliza\u00e7\u00e3o ser\u00e1 intensificada durante as opera\u00e7\u00f5es do Ver\u00e3o Paran\u00e1.<\/p>\n\n\n\n<p>A vice-prefeita Patr\u00edcia Millo Marcomini comentou sobre a import\u00e2ncia do encontro:<\/p>\n\n\n\n<p>\u201cEncontros como este s\u00e3o essenciais para aproximar Pontal do Paran\u00e1 dos \u00f3rg\u00e3os reguladores. \u00c9 uma oportunidade para apresentar nossas prioridades e buscar solu\u00e7\u00f5es que tragam melhorias para a popula\u00e7\u00e3o do nosso munic\u00edpio.\u201d<\/p>\n\n\n\n<p>Participaram ainda da reuni\u00e3o o Secret\u00e1rio Municipal de Meio Ambiente, Agricultura e Pesca, Jackson Cesar Bassfeld, a Procuradora Geral do Munic\u00edpio, Virg\u00ednia Mara Pedroso, e o Procurador do Munic\u00edpio, Marcelo Henrique Lopes. Representando a Agepar, estiveram o Chefe de Coordenadoria, engenheiro Pedro Augusto Mikowski, e o engenheiro Alceu Ricardo Swarowski.<\/p>\n\n\n\n<p>Prefeitura de Pontal do Paran\u00e1<\/p>\n","protected":false},"excerpt":{"rendered":"<p>Na \u00faltima semana, o gabinete da Prefeitura de Pontal do Paran\u00e1 recebeu representantes da Ag\u00eancia Reguladora de Servi\u00e7os P\u00fablicos Delegados do Paran\u00e1 (Agepar). O objetivo da visita foi ampliar o di\u00e1logo entre o munic\u00edpio e a Agepar, promovendo a troca de informa\u00e7\u00f5es sobre programas em andamento, como o Fundo Municipal de Saneamento B\u00e1sico e Ambiental [&hellip;]<\/p>\n","protected":false},"author":2,"featured_media":72085,"comment_status":"open","ping_status":"open","sticky":false,"template":"","format":"standard","meta":{"advanced_seo_description":"","jetpack_seo_html_title":"","jetpack_seo_noindex":false,"_jetpack_memberships_contains_paid_content":false,"footnotes":""},"categories":[65],"tags":[],"class_list":{"0":"post-72084","1":"post","2":"type-post","3":"status-publish","4":"format-standard","5":"has-post-thumbnail","7":"category-pontal-do-parana"},"jetpack_featured_media_url":"https:\/\/www.paranapraia.com.br\/wp-content\/uploads\/2025\/09\/547632675_1132550402307249_7955025189873930921_n.jpg","jetpack_sharing_enabled":true,"_links":{"self":[{"href":"https:\/\/www.paranapraia.com.br\/index.php\/wp-json\/wp\/v2\/posts\/72084"}],"collection":[{"href":"https:\/\/www.paranapraia.com.br\/index.php\/wp-json\/wp\/v2\/posts"}],"about":[{"href":"https:\/\/www.paranapraia.com.br\/index.php\/wp-json\/wp\/v2\/types\/post"}],"author":[{"embeddable":true,"href":"https:\/\/www.paranapraia.com.br\/index.php\/wp-json\/wp\/v2\/users\/2"}],"replies":[{"embeddable":true,"href":"https:\/\/www.paranapraia.com.br\/index.php\/wp-json\/wp\/v2\/comments?post=72084"}],"version-history":[{"count":1,"href":"https:\/\/www.paranapraia.com.br\/index.php\/wp-json\/wp\/v2\/posts\/72084\/revisions"}],"predecessor-version":[{"id":72086,"href":"https:\/\/www.paranapraia.com.br\/index.php\/wp-json\/wp\/v2\/posts\/72084\/revisions\/72086"}],"wp:featuredmedia":[{"embeddable":true,"href":"https:\/\/www.paranapraia.com.br\/index.php\/wp-json\/wp\/v2\/media\/72085"}],"wp:attachment":[{"href":"https:\/\/www.paranapraia.com.br\/index.php\/wp-json\/wp\/v2\/media?parent=72084"}],"wp:term":[{"taxonomy":"category","embeddable":true,"href":"https:\/\/www.paranapraia.com.br\/index.php\/wp-json\/wp\/v2\/categories?post=72084"},{"taxonomy":"post_tag","embeddable":true,"href":"https:\/\/www.paranapraia.com.br\/index.php\/wp-json\/wp\/v2\/tags?post=72084"}],"curies":[{"name":"wp","href":"https:\/\/api.w.org\/{rel}","templated":true}]}}