{"id":72079,"date":"2025-09-15T11:04:38","date_gmt":"2025-09-15T14:04:38","guid":{"rendered":"https:\/\/www.paranapraia.com.br\/?p=72079"},"modified":"2025-09-15T11:04:40","modified_gmt":"2025-09-15T14:04:40","slug":"theatro-municipal-recebe-o-espetaculo-cafes-malditos","status":"publish","type":"post","link":"https:\/\/www.paranapraia.com.br\/index.php\/2025\/09\/15\/theatro-municipal-recebe-o-espetaculo-cafes-malditos\/","title":{"rendered":"Theatro Municipal recebe o espet\u00e1culo Caf\u00e9s Malditos"},"content":{"rendered":"\n<p>No \u00faltimo final de semana, o Theatro Municipal de Antonina foi palco do espet\u00e1culo Caf\u00e9s Malditos, produzido pela Alameda Teatral, a pe\u00e7a emocionou e divertiu o p\u00fablico presente, que lotou a plateia nas duas sess\u00f5es realizadas.<\/p>\n\n\n\n<p>A montagem traz \u00e0 cena a hist\u00f3ria de Rute, uma m\u00e3e brasileira que dedicou toda a vida \u00e0 fam\u00edlia, mas que decide planejar o pr\u00f3prio vel\u00f3rio para garantir uma despedida organizada e digna, em uma narrativa que mistura com\u00e9dia, drama e terror, a pe\u00e7a conduz a plateia a reflex\u00f5es profundas sobre solid\u00e3o, reconhecimento e afeto.<\/p>\n\n\n\n<p>O evento refor\u00e7a a import\u00e2ncia do Theatro Municipal como espa\u00e7o de valoriza\u00e7\u00e3o da cultura, acolhendo produ\u00e7\u00f5es que promovem debates sociais e emocionais, al\u00e9m de proporcionar lazer e enriquecimento art\u00edstico \u00e0 comunidade antoninense.<\/p>\n\n\n\n<p>Prefeitura de Antonina<\/p>\n","protected":false},"excerpt":{"rendered":"<p>No \u00faltimo final de semana, o Theatro Municipal de Antonina foi palco do espet\u00e1culo Caf\u00e9s Malditos, produzido pela Alameda Teatral, a pe\u00e7a emocionou e divertiu o p\u00fablico presente, que lotou a plateia nas duas sess\u00f5es realizadas. A montagem traz \u00e0 cena a hist\u00f3ria de Rute, uma m\u00e3e brasileira que dedicou toda a vida \u00e0 fam\u00edlia, [&hellip;]<\/p>\n","protected":false},"author":2,"featured_media":72080,"comment_status":"open","ping_status":"open","sticky":false,"template":"","format":"standard","meta":{"advanced_seo_description":"","jetpack_seo_html_title":"","jetpack_seo_noindex":false,"_jetpack_memberships_contains_paid_content":false,"footnotes":""},"categories":[132],"tags":[],"class_list":{"0":"post-72079","1":"post","2":"type-post","3":"status-publish","4":"format-standard","5":"has-post-thumbnail","7":"category-antonina"},"jetpack_featured_media_url":"https:\/\/www.paranapraia.com.br\/wp-content\/uploads\/2025\/09\/whatsapp-image-2025-09-15-at-101831.jpg","jetpack_sharing_enabled":true,"_links":{"self":[{"href":"https:\/\/www.paranapraia.com.br\/index.php\/wp-json\/wp\/v2\/posts\/72079"}],"collection":[{"href":"https:\/\/www.paranapraia.com.br\/index.php\/wp-json\/wp\/v2\/posts"}],"about":[{"href":"https:\/\/www.paranapraia.com.br\/index.php\/wp-json\/wp\/v2\/types\/post"}],"author":[{"embeddable":true,"href":"https:\/\/www.paranapraia.com.br\/index.php\/wp-json\/wp\/v2\/users\/2"}],"replies":[{"embeddable":true,"href":"https:\/\/www.paranapraia.com.br\/index.php\/wp-json\/wp\/v2\/comments?post=72079"}],"version-history":[{"count":1,"href":"https:\/\/www.paranapraia.com.br\/index.php\/wp-json\/wp\/v2\/posts\/72079\/revisions"}],"predecessor-version":[{"id":72081,"href":"https:\/\/www.paranapraia.com.br\/index.php\/wp-json\/wp\/v2\/posts\/72079\/revisions\/72081"}],"wp:featuredmedia":[{"embeddable":true,"href":"https:\/\/www.paranapraia.com.br\/index.php\/wp-json\/wp\/v2\/media\/72080"}],"wp:attachment":[{"href":"https:\/\/www.paranapraia.com.br\/index.php\/wp-json\/wp\/v2\/media?parent=72079"}],"wp:term":[{"taxonomy":"category","embeddable":true,"href":"https:\/\/www.paranapraia.com.br\/index.php\/wp-json\/wp\/v2\/categories?post=72079"},{"taxonomy":"post_tag","embeddable":true,"href":"https:\/\/www.paranapraia.com.br\/index.php\/wp-json\/wp\/v2\/tags?post=72079"}],"curies":[{"name":"wp","href":"https:\/\/api.w.org\/{rel}","templated":true}]}}