{"id":72073,"date":"2025-09-15T10:57:11","date_gmt":"2025-09-15T13:57:11","guid":{"rendered":"https:\/\/www.paranapraia.com.br\/?p=72073"},"modified":"2025-09-15T10:57:13","modified_gmt":"2025-09-15T13:57:13","slug":"gestantes-participam-de-encontro-sobre-planejamento-de-parto-no-projeto-mae-pontalense","status":"publish","type":"post","link":"https:\/\/www.paranapraia.com.br\/index.php\/2025\/09\/15\/gestantes-participam-de-encontro-sobre-planejamento-de-parto-no-projeto-mae-pontalense\/","title":{"rendered":"Gestantes participam de encontro sobre Planejamento de Parto no Projeto M\u00e3e Pontalense"},"content":{"rendered":"\n<p><a><\/a>Centro de Sa\u00fade da Mulher em Ipanema orienta sobre como preencher o plano de parto dispon\u00edvel na carteirinha de pr\u00e9-natal.<\/p>\n\n\n\n<p>Gestantes do munic\u00edpio t\u00eam acesso a encontros semanais no Centro de Sa\u00fade da Mulher para discutir o planejamento do parto, documento que registra de forma objetiva como desejam ser atendidas durante o trabalho de parto, o nascimento e o per\u00edodo p\u00f3s-parto.<\/p>\n\n\n\n<p>O plano de parto est\u00e1 dispon\u00edvel em uma folha da carteirinha de pr\u00e9-natal. Nele, a gestante pode anotar suas expectativas e valores, como posi\u00e7\u00f5es preferidas, uso de m\u00e9todos de al\u00edvio da dor, contato imediato com o beb\u00ea e cuidados ap\u00f3s o nascimento. Ao chegar ao hospital, o documento deve ser apresentado \u00e0 equipe de sa\u00fade, que o utilizar\u00e1 como refer\u00eancia, considerando tamb\u00e9m as pr\u00e1ticas ofertadas pela institui\u00e7\u00e3o.<\/p>\n\n\n\n<p>A proposta \u00e9 orientar as mulheres sobre como elaborar e utilizar o plano de parto de forma pr\u00e1tica, favorecendo a comunica\u00e7\u00e3o com os profissionais de sa\u00fade, para que, com o documento em m\u00e3os, elas encontrem um meio de registrar prefer\u00eancias e garantir que sejam conhecidas pela equipe respons\u00e1vel no momento do nascimento.<\/p>\n\n\n\n<p>As reuni\u00f5es acontecem todas as sextas-feiras no Centro de Sa\u00fade da Mulher, em Ipanema, s\u00e3o conduzidas pela Enfermeira Mayara e abordam diferentes temas relacionados \u00e0 gesta\u00e7\u00e3o.<\/p>\n\n\n\n<p>A pr\u00f3xima reuni\u00e3o acontecer\u00e1 no dia 19\/09 com o tema:<\/p>\n\n\n\n<p>\u201cO que levar para a maternidade e cuidado com o RN e p\u00f3s parto&#8221;.<\/p>\n\n\n\n<p>Prefeitura de Pontal do Paran\u00e1<\/p>\n","protected":false},"excerpt":{"rendered":"<p>Centro de Sa\u00fade da Mulher em Ipanema orienta sobre como preencher o plano de parto dispon\u00edvel na carteirinha de pr\u00e9-natal. Gestantes do munic\u00edpio t\u00eam acesso a encontros semanais no Centro de Sa\u00fade da Mulher para discutir o planejamento do parto, documento que registra de forma objetiva como desejam ser atendidas durante o trabalho de parto, [&hellip;]<\/p>\n","protected":false},"author":2,"featured_media":72074,"comment_status":"open","ping_status":"open","sticky":false,"template":"","format":"standard","meta":{"advanced_seo_description":"","jetpack_seo_html_title":"","jetpack_seo_noindex":false,"_jetpack_memberships_contains_paid_content":false,"footnotes":""},"categories":[65],"tags":[],"class_list":{"0":"post-72073","1":"post","2":"type-post","3":"status-publish","4":"format-standard","5":"has-post-thumbnail","7":"category-pontal-do-parana"},"jetpack_featured_media_url":"https:\/\/www.paranapraia.com.br\/wp-content\/uploads\/2025\/09\/547905020_1132518352310454_8171480650779158613_n.jpg","jetpack_sharing_enabled":true,"_links":{"self":[{"href":"https:\/\/www.paranapraia.com.br\/index.php\/wp-json\/wp\/v2\/posts\/72073"}],"collection":[{"href":"https:\/\/www.paranapraia.com.br\/index.php\/wp-json\/wp\/v2\/posts"}],"about":[{"href":"https:\/\/www.paranapraia.com.br\/index.php\/wp-json\/wp\/v2\/types\/post"}],"author":[{"embeddable":true,"href":"https:\/\/www.paranapraia.com.br\/index.php\/wp-json\/wp\/v2\/users\/2"}],"replies":[{"embeddable":true,"href":"https:\/\/www.paranapraia.com.br\/index.php\/wp-json\/wp\/v2\/comments?post=72073"}],"version-history":[{"count":1,"href":"https:\/\/www.paranapraia.com.br\/index.php\/wp-json\/wp\/v2\/posts\/72073\/revisions"}],"predecessor-version":[{"id":72075,"href":"https:\/\/www.paranapraia.com.br\/index.php\/wp-json\/wp\/v2\/posts\/72073\/revisions\/72075"}],"wp:featuredmedia":[{"embeddable":true,"href":"https:\/\/www.paranapraia.com.br\/index.php\/wp-json\/wp\/v2\/media\/72074"}],"wp:attachment":[{"href":"https:\/\/www.paranapraia.com.br\/index.php\/wp-json\/wp\/v2\/media?parent=72073"}],"wp:term":[{"taxonomy":"category","embeddable":true,"href":"https:\/\/www.paranapraia.com.br\/index.php\/wp-json\/wp\/v2\/categories?post=72073"},{"taxonomy":"post_tag","embeddable":true,"href":"https:\/\/www.paranapraia.com.br\/index.php\/wp-json\/wp\/v2\/tags?post=72073"}],"curies":[{"name":"wp","href":"https:\/\/api.w.org\/{rel}","templated":true}]}}