{"id":72070,"date":"2025-09-15T10:09:28","date_gmt":"2025-09-15T13:09:28","guid":{"rendered":"https:\/\/www.paranapraia.com.br\/?p=72070"},"modified":"2025-09-15T10:09:30","modified_gmt":"2025-09-15T13:09:30","slug":"marcha-da-maconha-leva-centenas-de-pessoas-as-ruas-de-curitiba-em-defesa-da-cannabis-medicinal","status":"publish","type":"post","link":"https:\/\/www.paranapraia.com.br\/index.php\/2025\/09\/15\/marcha-da-maconha-leva-centenas-de-pessoas-as-ruas-de-curitiba-em-defesa-da-cannabis-medicinal\/","title":{"rendered":"Marcha da Maconha leva centenas de pessoas \u00e0s ruas de Curitiba em defesa da cannabis medicinal"},"content":{"rendered":"\n<p>A Marcha da Maconha reuniu centenas de manifestantes no Centro de Curitiba, neste domingo (14), em um ato marcado por bandeiras pol\u00edticas e sociais. A concentra\u00e7\u00e3o come\u00e7ou por volta das 14h20, na Boca Maldita, tradicional ponto de manifesta\u00e7\u00f5es na capital paranaense.<\/p>\n\n\n\n<p>Os participantes pediram a amplia\u00e7\u00e3o do acesso \u00e0 cannabis medicinal, o fim da guerra \u00e0s drogas e denunciaram a viol\u00eancia associada \u00e0 pol\u00edtica proibicionista. Com faixas, cartazes e palavras de ordem, os manifestantes defenderam mudan\u00e7as na legisla\u00e7\u00e3o e a substitui\u00e7\u00e3o da repress\u00e3o por pol\u00edticas p\u00fablicas de sa\u00fade, inclus\u00e3o social e direitos humanos.<\/p>\n\n\n\n<p>Entre os presentes estavam os deputados estaduais Goura (PDT) e Renato Freitas (PT), que caminharam ao lado de ativistas e apoiadores da causa. Goura ressaltou a import\u00e2ncia de avan\u00e7os como a Lei P\u00e9tala, aprovada na Assembleia Legislativa do Paran\u00e1 (Alep), que ampliou as possibilidades de tratamento com cannabis medicinal no estado. \u201cAinda h\u00e1 muito a ser feito para democratizar o acesso e garantir que a ci\u00eancia oriente a legisla\u00e7\u00e3o\u201d, afirmou.<\/p>\n\n\n\n<p>J\u00e1 Renato Freitas destacou que a atual pol\u00edtica de drogas tem sido instrumento de repress\u00e3o e viol\u00eancia, sobretudo contra jovens e popula\u00e7\u00f5es perif\u00e9ricas. Para o parlamentar, \u00e9 necess\u00e1rio encarar o tema como uma quest\u00e3o de direitos humanos. \u201cO proibicionismo fracassou. Precisamos de uma pol\u00edtica baseada na sa\u00fade, na liberdade e na repara\u00e7\u00e3o hist\u00f3rica de quem mais sofreu com a criminaliza\u00e7\u00e3o\u201d, declarou.<\/p>\n\n\n\n<p>O evento, realizado anualmente em v\u00e1rias cidades do Brasil, tem como objetivo pressionar autoridades pela regulamenta\u00e7\u00e3o do uso medicinal e industrial da cannabis e por uma nova abordagem \u00e0 pol\u00edtica de drogas.<\/p>\n\n\n\n<p>Reda\u00e7\u00e3o<\/p>\n","protected":false},"excerpt":{"rendered":"<p>A Marcha da Maconha reuniu centenas de manifestantes no Centro de Curitiba, neste domingo (14), em um ato marcado por bandeiras pol\u00edticas e sociais. A concentra\u00e7\u00e3o come\u00e7ou por volta das 14h20, na Boca Maldita, tradicional ponto de manifesta\u00e7\u00f5es na capital paranaense. Os participantes pediram a amplia\u00e7\u00e3o do acesso \u00e0 cannabis medicinal, o fim da guerra [&hellip;]<\/p>\n","protected":false},"author":2,"featured_media":72071,"comment_status":"open","ping_status":"open","sticky":false,"template":"","format":"standard","meta":{"advanced_seo_description":"","jetpack_seo_html_title":"","jetpack_seo_noindex":false,"_jetpack_memberships_contains_paid_content":false,"footnotes":""},"categories":[40],"tags":[],"class_list":{"0":"post-72070","1":"post","2":"type-post","3":"status-publish","4":"format-standard","5":"has-post-thumbnail","7":"category-destaques"},"jetpack_featured_media_url":"https:\/\/www.paranapraia.com.br\/wp-content\/uploads\/2025\/09\/WhatsApp-Image-2025-09-15-at-10.08.39.jpeg","jetpack_sharing_enabled":true,"_links":{"self":[{"href":"https:\/\/www.paranapraia.com.br\/index.php\/wp-json\/wp\/v2\/posts\/72070"}],"collection":[{"href":"https:\/\/www.paranapraia.com.br\/index.php\/wp-json\/wp\/v2\/posts"}],"about":[{"href":"https:\/\/www.paranapraia.com.br\/index.php\/wp-json\/wp\/v2\/types\/post"}],"author":[{"embeddable":true,"href":"https:\/\/www.paranapraia.com.br\/index.php\/wp-json\/wp\/v2\/users\/2"}],"replies":[{"embeddable":true,"href":"https:\/\/www.paranapraia.com.br\/index.php\/wp-json\/wp\/v2\/comments?post=72070"}],"version-history":[{"count":1,"href":"https:\/\/www.paranapraia.com.br\/index.php\/wp-json\/wp\/v2\/posts\/72070\/revisions"}],"predecessor-version":[{"id":72072,"href":"https:\/\/www.paranapraia.com.br\/index.php\/wp-json\/wp\/v2\/posts\/72070\/revisions\/72072"}],"wp:featuredmedia":[{"embeddable":true,"href":"https:\/\/www.paranapraia.com.br\/index.php\/wp-json\/wp\/v2\/media\/72071"}],"wp:attachment":[{"href":"https:\/\/www.paranapraia.com.br\/index.php\/wp-json\/wp\/v2\/media?parent=72070"}],"wp:term":[{"taxonomy":"category","embeddable":true,"href":"https:\/\/www.paranapraia.com.br\/index.php\/wp-json\/wp\/v2\/categories?post=72070"},{"taxonomy":"post_tag","embeddable":true,"href":"https:\/\/www.paranapraia.com.br\/index.php\/wp-json\/wp\/v2\/tags?post=72070"}],"curies":[{"name":"wp","href":"https:\/\/api.w.org\/{rel}","templated":true}]}}