{"id":72067,"date":"2025-09-15T10:00:01","date_gmt":"2025-09-15T13:00:01","guid":{"rendered":"https:\/\/www.paranapraia.com.br\/?p=72067"},"modified":"2025-09-15T10:00:04","modified_gmt":"2025-09-15T13:00:04","slug":"feira-do-agricultor-celebra-34-anos-com-festa-no-largo-iria-correa-em-paranagua","status":"publish","type":"post","link":"https:\/\/www.paranapraia.com.br\/index.php\/2025\/09\/15\/feira-do-agricultor-celebra-34-anos-com-festa-no-largo-iria-correa-em-paranagua\/","title":{"rendered":"Feira do Agricultor celebra 34 anos com festa no Largo Iria Corr\u00eaa em Paranagu\u00e1"},"content":{"rendered":"\n<p>A manh\u00e3 de s\u00e1bado, dia 13, foi de comemora\u00e7\u00e3o no Largo Iria Corr\u00eaa, no Centro Hist\u00f3rico de Paranagu\u00e1. A tradicional Feira do Agricultor, conhecida popularmente como Feirinha da Catedral, celebrou seus 34 anos com uma programa\u00e7\u00e3o especial voltada para toda a comunidade.<\/p>\n\n\n\n<p>O evento contou com a presen\u00e7a de autoridades locais, comerciantes e frequentadores que prestigiaram a data. &nbsp;O prefeito de Paranagu\u00e1, Adriano Ramos, fez quest\u00e3o de visitar o local e prestigiar a festividade.<\/p>\n\n\n\n<p>&#8220;A feira \u00e9 uma tradi\u00e7\u00e3o de conviv\u00eancia social, na qual, as pessoas vem aos s\u00e1bados para se encontrar, conversar, comer um pastel, tomar um suco, levar uma fruta, verduras ou um pescado para casa. Quero agradecer o trabalho desempenhado pelo secret\u00e1rio M\u00e1rcio Vega, um trabalho muito pr\u00f3ximo dos nossos agricultores, pescadores, artes\u00e3os e que tem trazido um belo resultado. Vamos trabalhar para que esse local receba as melhorias necess\u00e1rias e que assim, possa receber os frequentadores de forma ainda mais confort\u00e1vel, pois os s\u00e1bados s\u00e3o mais gostosos na Feirinha da Catedral&#8221;, destacou o prefeito Adriano Ramos.<\/p>\n\n\n\n<p>A celebra\u00e7\u00e3o incluiu o tradicional corte de bolo, distribui\u00e7\u00e3o de doces para as crian\u00e7as, apresenta\u00e7\u00f5es art\u00edsticas, sorteios de brindes e diversas atividades recreativas.<\/p>\n\n\n\n<p>Realizada todos os s\u00e1bados, das 6h \u00e0s 12h, a Feira do Agricultor \u00e9 um espa\u00e7o consolidado de valoriza\u00e7\u00e3o da agricultura familiar, da pesca e do artesanato. No local, os visitantes encontram produtos frescos e artesanais, como frutas, verduras, legumes, p\u00e3es, doces, sucos, pescados e salgados, al\u00e9m de aproveitar o ambiente como ponto de encontro e integra\u00e7\u00e3o da comunidade.<\/p>\n\n\n\n<p>A feira tem o apoio da Prefeitura de Paranagu\u00e1, por meio da Secretaria Municipal de Meio Ambiente, Desenvolvimento Rural e Pesca (Semmadesp).<\/p>\n\n\n\n<p>Em 2022, ela foi oficializada por lei como Feira Municipal de Produtos Agr\u00edcolas, Pesca e do Artesanato e reconhecida como patrim\u00f4nio imaterial e cultural do munic\u00edpio.<\/p>\n\n\n\n<p>&#8220;Hoje \u00e9 uma data especial para todos aqueles que todo s\u00e1bado, mesmo com chuva e frio, est\u00e3o aqui trabalhando e se dedicando. O resultado est\u00e1 a\u00ed: a popula\u00e7\u00e3o prestigiando, vindo comprar esses produtos sensacionais, da melhor qualidade. Por isso \u00e9 t\u00e3o importante valorizar cada vez mais essa tradi\u00e7\u00e3o e dar estrutura, para que ela continue evoluindo. Dias atr\u00e1s, um senhor, um dos fundadores da feirinha, disse que passou essa tradi\u00e7\u00e3o para seus filhos e agora para seus netos, ent\u00e3o, que isso prevale\u00e7a por muitos e muitos anos&#8221;, disse o secret\u00e1rio de Meio Ambiente, Desenvolvimento Rural e Pesca, M\u00e1rcio Vega.<\/p>\n\n\n\n<p>A vice-presidente da feira, In\u00eas Aizawa Nunes, falou sobre a alegria de celebrar mais esse anivers\u00e1rio e da import\u00e2ncia do apoio da Prefeitura de Paranagu\u00e1 para o sucesso da iniciativa.<\/p>\n\n\n\n<p>&#8220;\u00c9 uma grande felicidade e satisfa\u00e7\u00e3o estar aqui com meus colegas realizando esse trabalho maravilhoso que tem trazido grande benef\u00edcio n\u00e3o somente para Paranagu\u00e1, mas para todo Litoral do Paran\u00e1. Estamos muito contentes com o apoio que temos recebido do prefeito Adriano Ramos e do secret\u00e1rio M\u00e1rcio Vega&#8221;, comentou In\u00eas.<\/p>\n\n\n\n<p>A feira acontece todos os s\u00e1bados, das 6h \u00e0s 12h no Largo Iria Corr\u00eaa, Centro Hist\u00f3rico (fundos da Catedral).<\/p>\n\n\n\n<p>Prefeitura de Paranagu\u00e1<\/p>\n","protected":false},"excerpt":{"rendered":"<p>A manh\u00e3 de s\u00e1bado, dia 13, foi de comemora\u00e7\u00e3o no Largo Iria Corr\u00eaa, no Centro Hist\u00f3rico de Paranagu\u00e1. A tradicional Feira do Agricultor, conhecida popularmente como Feirinha da Catedral, celebrou seus 34 anos com uma programa\u00e7\u00e3o especial voltada para toda a comunidade. O evento contou com a presen\u00e7a de autoridades locais, comerciantes e frequentadores que [&hellip;]<\/p>\n","protected":false},"author":2,"featured_media":72068,"comment_status":"open","ping_status":"open","sticky":false,"template":"","format":"standard","meta":{"advanced_seo_description":"","jetpack_seo_html_title":"","jetpack_seo_noindex":false,"_jetpack_memberships_contains_paid_content":false,"footnotes":""},"categories":[77],"tags":[],"class_list":{"0":"post-72067","1":"post","2":"type-post","3":"status-publish","4":"format-standard","5":"has-post-thumbnail","7":"category-paranagua"},"jetpack_featured_media_url":"https:\/\/www.paranapraia.com.br\/wp-content\/uploads\/2025\/09\/18702.jpg","jetpack_sharing_enabled":true,"_links":{"self":[{"href":"https:\/\/www.paranapraia.com.br\/index.php\/wp-json\/wp\/v2\/posts\/72067"}],"collection":[{"href":"https:\/\/www.paranapraia.com.br\/index.php\/wp-json\/wp\/v2\/posts"}],"about":[{"href":"https:\/\/www.paranapraia.com.br\/index.php\/wp-json\/wp\/v2\/types\/post"}],"author":[{"embeddable":true,"href":"https:\/\/www.paranapraia.com.br\/index.php\/wp-json\/wp\/v2\/users\/2"}],"replies":[{"embeddable":true,"href":"https:\/\/www.paranapraia.com.br\/index.php\/wp-json\/wp\/v2\/comments?post=72067"}],"version-history":[{"count":1,"href":"https:\/\/www.paranapraia.com.br\/index.php\/wp-json\/wp\/v2\/posts\/72067\/revisions"}],"predecessor-version":[{"id":72069,"href":"https:\/\/www.paranapraia.com.br\/index.php\/wp-json\/wp\/v2\/posts\/72067\/revisions\/72069"}],"wp:featuredmedia":[{"embeddable":true,"href":"https:\/\/www.paranapraia.com.br\/index.php\/wp-json\/wp\/v2\/media\/72068"}],"wp:attachment":[{"href":"https:\/\/www.paranapraia.com.br\/index.php\/wp-json\/wp\/v2\/media?parent=72067"}],"wp:term":[{"taxonomy":"category","embeddable":true,"href":"https:\/\/www.paranapraia.com.br\/index.php\/wp-json\/wp\/v2\/categories?post=72067"},{"taxonomy":"post_tag","embeddable":true,"href":"https:\/\/www.paranapraia.com.br\/index.php\/wp-json\/wp\/v2\/tags?post=72067"}],"curies":[{"name":"wp","href":"https:\/\/api.w.org\/{rel}","templated":true}]}}