{"id":72064,"date":"2025-09-15T09:57:02","date_gmt":"2025-09-15T12:57:02","guid":{"rendered":"https:\/\/www.paranapraia.com.br\/?p=72064"},"modified":"2025-09-15T09:57:05","modified_gmt":"2025-09-15T12:57:05","slug":"prefeito-adriano-ramos-prestigia-posse-do-presidente-reeleito-do-sindicato-dos-estivadores-de-paranagua","status":"publish","type":"post","link":"https:\/\/www.paranapraia.com.br\/index.php\/2025\/09\/15\/prefeito-adriano-ramos-prestigia-posse-do-presidente-reeleito-do-sindicato-dos-estivadores-de-paranagua\/","title":{"rendered":"Prefeito Adriano Ramos prestigia posse do presidente reeleito do Sindicato dos Estivadores de Paranagu\u00e1"},"content":{"rendered":"\n<p>Na noite desta sexta-feira, dia 12, o prefeito de Paranagu\u00e1, Adriano Ramos, acompanhado do chefe de governo Andr\u00e9 Ferruci, do secret\u00e1rio municipal de Urbanismo, Luiz Augusto Pellegrinni de Carvalho e do secret\u00e1rio municipal de Trabalho e Inova\u00e7\u00e3o, Cleverson dos Santos Ferreira, participou da cerim\u00f4nia de posse do presidente reeleito do Sindicato dos Estivadores de Paranagu\u00e1, Jo\u00e3o Fernando da Luz, o Nando.<\/p>\n\n\n\n<p>O evento ocorreu na Casa de Eventos Coliseu, no bairro Jardim Guaraituba.<\/p>\n\n\n\n<p>Em seu discurso, o prefeito Adriano Ramos destacou a import\u00e2ncia da luta sindical contra o Projeto de Lei 733\/2025, que altera o Marco Legal Portu\u00e1rio e, segundo a categoria, pode precarizar as rela\u00e7\u00f5es de trabalho e enfraquecer o sistema que garante a exclusividade de contrata\u00e7\u00e3o de trabalhadores avulsos pelo \u00d3rg\u00e3o Gestor de M\u00e3o de Obra (OGMO).<br>\u201cFalo com orgulho, eu sou da fam\u00edlia estivadora. Meu pai, Juarez Ramos, tamb\u00e9m foi estivador e sempre lutou pela categoria. Hoje, vejo trabalhadores mais capacitados e unidos para enfrentar os desafios de um trabalho t\u00e9cnico e \u00e1rduo nos por\u00f5es dos navios\u201d, declarou Adriano Ramos.<\/p>\n\n\n\n<p>O presidente reeleito, Jo\u00e3o Fernando da Luz, agradeceu a presen\u00e7a das autoridades, citando o diretor-presidente da Portos do Paran\u00e1, Luiz Fernando Garcia da Silva, e ressaltou a parceria com o prefeito.<br>\u201cEstamos diante de um enorme desafio, que \u00e9 o PL 733. Mas, com uni\u00e3o da comunidade portu\u00e1ria e o apoio que temos recebido, inclusive em Bras\u00edlia do prefeito Adriano Ramos, tenho certeza de que vamos defender os direitos dos trabalhadores\u201d, afirmou.<\/p>\n\n\n\n<p>Segundo ele, a diretoria seguir\u00e1 praticamente a mesma da \u00faltima gest\u00e3o, agora composta por 15 membros, pois j\u00e1 provou sua dedica\u00e7\u00e3o \u00e0 categoria.<\/p>\n\n\n\n<p><strong>Elei\u00e7\u00e3o da Estiva<\/strong><\/p>\n\n\n\n<p>Reeleito no dia 27 de julho, Jo\u00e3o Fernando obteve 341 votos dos 732 estivadores que compareceram \u00e0s urnas, entre 844 aptos a votar.<\/p>\n\n\n\n<p>Prefeitura de Paranagu\u00e1<\/p>\n","protected":false},"excerpt":{"rendered":"<p>Na noite desta sexta-feira, dia 12, o prefeito de Paranagu\u00e1, Adriano Ramos, acompanhado do chefe de governo Andr\u00e9 Ferruci, do secret\u00e1rio municipal de Urbanismo, Luiz Augusto Pellegrinni de Carvalho e do secret\u00e1rio municipal de Trabalho e Inova\u00e7\u00e3o, Cleverson dos Santos Ferreira, participou da cerim\u00f4nia de posse do presidente reeleito do Sindicato dos Estivadores de Paranagu\u00e1, [&hellip;]<\/p>\n","protected":false},"author":2,"featured_media":72065,"comment_status":"open","ping_status":"open","sticky":false,"template":"","format":"standard","meta":{"advanced_seo_description":"","jetpack_seo_html_title":"","jetpack_seo_noindex":false,"_jetpack_memberships_contains_paid_content":false,"footnotes":""},"categories":[77],"tags":[],"class_list":{"0":"post-72064","1":"post","2":"type-post","3":"status-publish","4":"format-standard","5":"has-post-thumbnail","7":"category-paranagua"},"jetpack_featured_media_url":"https:\/\/www.paranapraia.com.br\/wp-content\/uploads\/2025\/09\/18689.jpg","jetpack_sharing_enabled":true,"_links":{"self":[{"href":"https:\/\/www.paranapraia.com.br\/index.php\/wp-json\/wp\/v2\/posts\/72064"}],"collection":[{"href":"https:\/\/www.paranapraia.com.br\/index.php\/wp-json\/wp\/v2\/posts"}],"about":[{"href":"https:\/\/www.paranapraia.com.br\/index.php\/wp-json\/wp\/v2\/types\/post"}],"author":[{"embeddable":true,"href":"https:\/\/www.paranapraia.com.br\/index.php\/wp-json\/wp\/v2\/users\/2"}],"replies":[{"embeddable":true,"href":"https:\/\/www.paranapraia.com.br\/index.php\/wp-json\/wp\/v2\/comments?post=72064"}],"version-history":[{"count":1,"href":"https:\/\/www.paranapraia.com.br\/index.php\/wp-json\/wp\/v2\/posts\/72064\/revisions"}],"predecessor-version":[{"id":72066,"href":"https:\/\/www.paranapraia.com.br\/index.php\/wp-json\/wp\/v2\/posts\/72064\/revisions\/72066"}],"wp:featuredmedia":[{"embeddable":true,"href":"https:\/\/www.paranapraia.com.br\/index.php\/wp-json\/wp\/v2\/media\/72065"}],"wp:attachment":[{"href":"https:\/\/www.paranapraia.com.br\/index.php\/wp-json\/wp\/v2\/media?parent=72064"}],"wp:term":[{"taxonomy":"category","embeddable":true,"href":"https:\/\/www.paranapraia.com.br\/index.php\/wp-json\/wp\/v2\/categories?post=72064"},{"taxonomy":"post_tag","embeddable":true,"href":"https:\/\/www.paranapraia.com.br\/index.php\/wp-json\/wp\/v2\/tags?post=72064"}],"curies":[{"name":"wp","href":"https:\/\/api.w.org\/{rel}","templated":true}]}}