{"id":72061,"date":"2025-09-15T09:54:53","date_gmt":"2025-09-15T12:54:53","guid":{"rendered":"https:\/\/www.paranapraia.com.br\/?p=72061"},"modified":"2025-09-15T09:54:55","modified_gmt":"2025-09-15T12:54:55","slug":"estacao-ferroviaria-de-paranagua-recebe-curso-inedito-de-assistencia-de-camera","status":"publish","type":"post","link":"https:\/\/www.paranapraia.com.br\/index.php\/2025\/09\/15\/estacao-ferroviaria-de-paranagua-recebe-curso-inedito-de-assistencia-de-camera\/","title":{"rendered":"Esta\u00e7\u00e3o Ferrovi\u00e1ria de Paranagu\u00e1 recebe curso in\u00e9dito de \u2018assist\u00eancia de c\u00e2mera\u2019"},"content":{"rendered":"\n<p>A Esta\u00e7\u00e3o Ferrovi\u00e1ria de Paranagu\u00e1 foi palco de um curso in\u00e9dito de Assist\u00eancia de C\u00e2mera, iniciativa aprovada pela Secretaria de Estado da Cultura do Paran\u00e1, com recursos da Pol\u00edtica Nacional Aldir Blanc de Fomento \u00e0 Cultura, do Minist\u00e9rio da Cultura e Governo Federal, em parceria com a Secretaria Municipal de Cultura e Turismo (Secultur), que ocorreu entre os dias 8 a 10 de setembro.<\/p>\n\n\n\n<p>A forma\u00e7\u00e3o contou com 50 horas de carga hor\u00e1ria e 30 vagas destinadas a artistas, t\u00e9cnicos, estudantes de cinema, jovens da rede p\u00fablica e demais interessados a partir dos 16 anos. O curso foi ministrado por Benedito Moreira Neto (Ben\u00ea), profissional com mais de 30 anos de experi\u00eancia em dire\u00e7\u00e3o, produ\u00e7\u00e3o e assist\u00eancia de c\u00e2mera.<\/p>\n\n\n\n<p>As aulas alternaram teoria e pr\u00e1tica, abordando temas como marca\u00e7\u00e3o de foco (focus pulling), uso de filtros, opera\u00e7\u00e3o de c\u00e2meras, montagem e prepara\u00e7\u00e3o de equipamentos, \u00e9tica profissional no set e pr\u00e1ticas de acessibilidade comunicacional e f\u00edsica, garantindo a inclus\u00e3o de pessoas com defici\u00eancia (PCDs).<\/p>\n\n\n\n<p>No encerramento, os alunos receberam certificados em uma cerim\u00f4nia que contou com a presen\u00e7a do secret\u00e1rio municipal de Cultura e Turismo, Jos\u00e9 Reis de Freitas Neto, que destacou a relev\u00e2ncia da a\u00e7\u00e3o, \u201cEssa parceria foi muito importante para Paranagu\u00e1. Apoiar projetos que oferecem capacita\u00e7\u00e3o profissional e ampliam horizontes culturais mostra que estamos preparados para atender \u00e0s demandas do setor art\u00edstico-cultural. Esse curso deu uma base s\u00f3lida e profissional para todos os participantes\u201d, afirmou.<\/p>\n\n\n\n<p>O ministrante Ben\u00ea tamb\u00e9m ressaltou a dimens\u00e3o humana do projeto. \u201cNosso objetivo \u00e9 que, ao final do curso, os alunos tenham n\u00e3o s\u00f3 o conhecimento t\u00e9cnico, mas tamb\u00e9m a experi\u00eancia pr\u00e1tica necess\u00e1ria para ingressar no mercado audiovisual com confian\u00e7a, sempre alinhados \u00e0s exig\u00eancias da ind\u00fastria\u201d, refor\u00e7ou.<\/p>\n\n\n\n<p><strong>Supera\u00e7\u00e3o<\/strong><\/p>\n\n\n\n<p>A proposta inclusiva do curso abriu espa\u00e7o para diferentes perfis de participantes. Um dos exemplos foi Jos\u00e9 Nascimento Lima Neto, pessoa com defici\u00eancia, que compartilhou sua experi\u00eancia. \u201cEu amei fazer este curso e confesso que foi muito dif\u00edcil, mas ao mesmo tempo me dediquei e me esforcei bastante. O mais interessante foi o suporte que tive do professor e, principalmente, a oportunidade de fazer novos amigos. O curso \u00e9 maravilhoso\u201d, relatou.<\/p>\n\n\n\n<p>Prefeitura de Paranagu\u00e1<\/p>\n","protected":false},"excerpt":{"rendered":"<p>A Esta\u00e7\u00e3o Ferrovi\u00e1ria de Paranagu\u00e1 foi palco de um curso in\u00e9dito de Assist\u00eancia de C\u00e2mera, iniciativa aprovada pela Secretaria de Estado da Cultura do Paran\u00e1, com recursos da Pol\u00edtica Nacional Aldir Blanc de Fomento \u00e0 Cultura, do Minist\u00e9rio da Cultura e Governo Federal, em parceria com a Secretaria Municipal de Cultura e Turismo (Secultur), que [&hellip;]<\/p>\n","protected":false},"author":2,"featured_media":72062,"comment_status":"open","ping_status":"open","sticky":false,"template":"","format":"standard","meta":{"advanced_seo_description":"","jetpack_seo_html_title":"","jetpack_seo_noindex":false,"_jetpack_memberships_contains_paid_content":false,"footnotes":""},"categories":[77],"tags":[],"class_list":{"0":"post-72061","1":"post","2":"type-post","3":"status-publish","4":"format-standard","5":"has-post-thumbnail","7":"category-paranagua"},"jetpack_featured_media_url":"https:\/\/www.paranapraia.com.br\/wp-content\/uploads\/2025\/09\/thumb-24.jpeg","jetpack_sharing_enabled":true,"_links":{"self":[{"href":"https:\/\/www.paranapraia.com.br\/index.php\/wp-json\/wp\/v2\/posts\/72061"}],"collection":[{"href":"https:\/\/www.paranapraia.com.br\/index.php\/wp-json\/wp\/v2\/posts"}],"about":[{"href":"https:\/\/www.paranapraia.com.br\/index.php\/wp-json\/wp\/v2\/types\/post"}],"author":[{"embeddable":true,"href":"https:\/\/www.paranapraia.com.br\/index.php\/wp-json\/wp\/v2\/users\/2"}],"replies":[{"embeddable":true,"href":"https:\/\/www.paranapraia.com.br\/index.php\/wp-json\/wp\/v2\/comments?post=72061"}],"version-history":[{"count":1,"href":"https:\/\/www.paranapraia.com.br\/index.php\/wp-json\/wp\/v2\/posts\/72061\/revisions"}],"predecessor-version":[{"id":72063,"href":"https:\/\/www.paranapraia.com.br\/index.php\/wp-json\/wp\/v2\/posts\/72061\/revisions\/72063"}],"wp:featuredmedia":[{"embeddable":true,"href":"https:\/\/www.paranapraia.com.br\/index.php\/wp-json\/wp\/v2\/media\/72062"}],"wp:attachment":[{"href":"https:\/\/www.paranapraia.com.br\/index.php\/wp-json\/wp\/v2\/media?parent=72061"}],"wp:term":[{"taxonomy":"category","embeddable":true,"href":"https:\/\/www.paranapraia.com.br\/index.php\/wp-json\/wp\/v2\/categories?post=72061"},{"taxonomy":"post_tag","embeddable":true,"href":"https:\/\/www.paranapraia.com.br\/index.php\/wp-json\/wp\/v2\/tags?post=72061"}],"curies":[{"name":"wp","href":"https:\/\/api.w.org\/{rel}","templated":true}]}}