{"id":72040,"date":"2025-09-12T16:56:02","date_gmt":"2025-09-12T19:56:02","guid":{"rendered":"https:\/\/www.paranapraia.com.br\/?p=72040"},"modified":"2025-09-12T16:56:04","modified_gmt":"2025-09-12T19:56:04","slug":"biblioteca-jose-gonsalves-de-moraes-e-revitalizada-e-sera-reaberta-em-morretes","status":"publish","type":"post","link":"https:\/\/www.paranapraia.com.br\/index.php\/2025\/09\/12\/biblioteca-jose-gonsalves-de-moraes-e-revitalizada-e-sera-reaberta-em-morretes\/","title":{"rendered":"Biblioteca Jos\u00e9 Gonsalves de Moraes \u00e9 revitalizada e ser\u00e1 reaberta em Morretes"},"content":{"rendered":"\n<p>A Biblioteca Jos\u00e9 Gonsalves de Moraes, em Morretes, passou por um amplo processo de revitaliza\u00e7\u00e3o e ser\u00e1 reaberta nos pr\u00f3ximos dias. A inaugura\u00e7\u00e3o oficial est\u00e1 prevista para outubro. O espa\u00e7o, que estava fechado h\u00e1 anos, foi readequado para se tornar mais acess\u00edvel, moderno e acolhedor \u00e0 comunidade, com melhorias que envolvem estrutura f\u00edsica, acervo e mobili\u00e1rio.<\/p>\n\n\n\n<p>A a\u00e7\u00e3o foi coordenada pela Secretaria de Cultura e Turismo (Secultur), com apoio de volunt\u00e1rios e profissionais especializados. Entre eles, os historiadores Felipe Nicolau e \u00c9ric Joubert Hunzicker, que se dedicaram \u00e0 valoriza\u00e7\u00e3o do espa\u00e7o e reorganiza\u00e7\u00e3o do acervo. O bibliotec\u00e1rio Mauro Candido dos Santos, da Universidade Estadual do Paran\u00e1 (UNESPAR), tamb\u00e9m colaborou de forma volunt\u00e1ria, garantindo a adequa\u00e7\u00e3o da biblioteca \u00e0s normativas atuais.<\/p>\n\n\n\n<p>Um dos desafios do projeto foi a falta de or\u00e7amento espec\u00edfico para a revitaliza\u00e7\u00e3o. Para superar essa limita\u00e7\u00e3o, a Prefeitura contou com parcerias estrat\u00e9gicas. O Tribunal Regional do Trabalho (TRT) realizou a doa\u00e7\u00e3o de mobili\u00e1rio, enquanto artistas e parceiros locais contribu\u00edram com servi\u00e7os e materiais.<\/p>\n\n\n\n<p>O espa\u00e7o tamb\u00e9m recebeu uma interven\u00e7\u00e3o art\u00edstica com apoio da Lei de Fomento Cultural Paulo Gustavo Estadual. O artista local Emer Ramos, junto aos artistas Alma e Stopinski e seus alunos, conduziu oficinas de muralismo que transformaram as paredes da biblioteca em obras de arte, retratando a cultura cai\u00e7ara de Morretes, suas belezas naturais e o modo de vida da popula\u00e7\u00e3o.<\/p>\n\n\n\n<p>Com a revitaliza\u00e7\u00e3o, a Biblioteca Jos\u00e9 Gonsalves de Moraes passa a contar com uma estrutura mais organizada e um sistema digitalizado para empr\u00e9stimo de livros. A expectativa \u00e9 de que o espa\u00e7o se torne refer\u00eancia cultural, abrigando eventos liter\u00e1rios, oficinas e programa\u00e7\u00f5es educativas, al\u00e9m de incentivar a visita\u00e7\u00e3o de escolas e da comunidade em geral.<\/p>\n\n\n\n<p>De acordo com a a Secultur, a revitaliza\u00e7\u00e3o da biblioteca integra um plano maior que busca ampliar e fortalecer os espa\u00e7os culturais de Morretes, consolidando a cidade como polo cultural e tur\u00edstico do Paran\u00e1, valorizando sua hist\u00f3ria e tradi\u00e7\u00f5es.<\/p>\n\n\n\n<p>Prefeitura de Morretes<\/p>\n","protected":false},"excerpt":{"rendered":"<p>A Biblioteca Jos\u00e9 Gonsalves de Moraes, em Morretes, passou por um amplo processo de revitaliza\u00e7\u00e3o e ser\u00e1 reaberta nos pr\u00f3ximos dias. A inaugura\u00e7\u00e3o oficial est\u00e1 prevista para outubro. O espa\u00e7o, que estava fechado h\u00e1 anos, foi readequado para se tornar mais acess\u00edvel, moderno e acolhedor \u00e0 comunidade, com melhorias que envolvem estrutura f\u00edsica, acervo e [&hellip;]<\/p>\n","protected":false},"author":2,"featured_media":72041,"comment_status":"open","ping_status":"open","sticky":false,"template":"","format":"standard","meta":{"advanced_seo_description":"","jetpack_seo_html_title":"","jetpack_seo_noindex":false,"_jetpack_memberships_contains_paid_content":false,"footnotes":""},"categories":[125],"tags":[],"class_list":{"0":"post-72040","1":"post","2":"type-post","3":"status-publish","4":"format-standard","5":"has-post-thumbnail","7":"category-morretes"},"jetpack_featured_media_url":"https:\/\/www.paranapraia.com.br\/wp-content\/uploads\/2025\/09\/whatsapp-image-2025-09-12-at-153758.jpg","jetpack_sharing_enabled":true,"_links":{"self":[{"href":"https:\/\/www.paranapraia.com.br\/index.php\/wp-json\/wp\/v2\/posts\/72040"}],"collection":[{"href":"https:\/\/www.paranapraia.com.br\/index.php\/wp-json\/wp\/v2\/posts"}],"about":[{"href":"https:\/\/www.paranapraia.com.br\/index.php\/wp-json\/wp\/v2\/types\/post"}],"author":[{"embeddable":true,"href":"https:\/\/www.paranapraia.com.br\/index.php\/wp-json\/wp\/v2\/users\/2"}],"replies":[{"embeddable":true,"href":"https:\/\/www.paranapraia.com.br\/index.php\/wp-json\/wp\/v2\/comments?post=72040"}],"version-history":[{"count":1,"href":"https:\/\/www.paranapraia.com.br\/index.php\/wp-json\/wp\/v2\/posts\/72040\/revisions"}],"predecessor-version":[{"id":72042,"href":"https:\/\/www.paranapraia.com.br\/index.php\/wp-json\/wp\/v2\/posts\/72040\/revisions\/72042"}],"wp:featuredmedia":[{"embeddable":true,"href":"https:\/\/www.paranapraia.com.br\/index.php\/wp-json\/wp\/v2\/media\/72041"}],"wp:attachment":[{"href":"https:\/\/www.paranapraia.com.br\/index.php\/wp-json\/wp\/v2\/media?parent=72040"}],"wp:term":[{"taxonomy":"category","embeddable":true,"href":"https:\/\/www.paranapraia.com.br\/index.php\/wp-json\/wp\/v2\/categories?post=72040"},{"taxonomy":"post_tag","embeddable":true,"href":"https:\/\/www.paranapraia.com.br\/index.php\/wp-json\/wp\/v2\/tags?post=72040"}],"curies":[{"name":"wp","href":"https:\/\/api.w.org\/{rel}","templated":true}]}}