{"id":72037,"date":"2025-09-12T16:53:23","date_gmt":"2025-09-12T19:53:23","guid":{"rendered":"https:\/\/www.paranapraia.com.br\/?p=72037"},"modified":"2025-09-12T16:53:25","modified_gmt":"2025-09-12T19:53:25","slug":"curso-gratuito-de-cultivo-de-mandioca-sera-realizado-em-morretes-nos-dias-18-e-19-de-setembro","status":"publish","type":"post","link":"https:\/\/www.paranapraia.com.br\/index.php\/2025\/09\/12\/curso-gratuito-de-cultivo-de-mandioca-sera-realizado-em-morretes-nos-dias-18-e-19-de-setembro\/","title":{"rendered":"Curso gratuito de cultivo de mandioca ser\u00e1 realizado em Morretes nos dias 18 e 19 de setembro"},"content":{"rendered":"\n<p>A cidade de Morretes vai sediar, nos dias 18 e 19 de setembro de 2025, um curso gratuito de cultivo de mandioca de mesa, voltado para familiares de produtores rurais, produtores e trabalhadores do setor agr\u00edcola. A capacita\u00e7\u00e3o ser\u00e1 realizada na Cozinha do Candonga, localizada no Rio Sagrado de Cima, das 8h \u00e0s 17h, totalizando 16 horas de atividades.<\/p>\n\n\n\n<p>O curso tem como objetivo ensinar pr\u00e1ticas adequadas de plantio, manejo e colheita da mandioca, visando aumentar a produtividade e a qualidade dos produtos. Para a conclus\u00e3o, \u00e9 necess\u00e1ria 100% de frequ\u00eancia.<\/p>\n\n\n\n<p>A iniciativa \u00e9 organizada pelo SENAR, pelo Sindicato Rural Patronal de Morretes e pela Cozinha do Candonga. A idade m\u00ednima para participar \u00e9 18 anos. As inscri\u00e7\u00f5es s\u00e3o gratuitas e podem ser feitas pelo link: https:\/\/forms.gle\/RDhUeXnEbmD1E7xj7<\/p>\n\n\n\n<p>Para mais informa\u00e7\u00f5es, os interessados podem entrar em contato com o Sindicato Rural de Morretes pelo telefone (41) 98409-1850. As vagas s\u00e3o limitadas.<\/p>\n\n\n\n<p>Prefeitura de Morretes<\/p>\n","protected":false},"excerpt":{"rendered":"<p>A cidade de Morretes vai sediar, nos dias 18 e 19 de setembro de 2025, um curso gratuito de cultivo de mandioca de mesa, voltado para familiares de produtores rurais, produtores e trabalhadores do setor agr\u00edcola. A capacita\u00e7\u00e3o ser\u00e1 realizada na Cozinha do Candonga, localizada no Rio Sagrado de Cima, das 8h \u00e0s 17h, totalizando [&hellip;]<\/p>\n","protected":false},"author":2,"featured_media":72038,"comment_status":"open","ping_status":"open","sticky":false,"template":"","format":"standard","meta":{"advanced_seo_description":"","jetpack_seo_html_title":"","jetpack_seo_noindex":false,"_jetpack_memberships_contains_paid_content":false,"footnotes":""},"categories":[125],"tags":[],"class_list":{"0":"post-72037","1":"post","2":"type-post","3":"status-publish","4":"format-standard","5":"has-post-thumbnail","7":"category-morretes"},"jetpack_featured_media_url":"https:\/\/www.paranapraia.com.br\/wp-content\/uploads\/2025\/09\/mandioca.jpg","jetpack_sharing_enabled":true,"_links":{"self":[{"href":"https:\/\/www.paranapraia.com.br\/index.php\/wp-json\/wp\/v2\/posts\/72037"}],"collection":[{"href":"https:\/\/www.paranapraia.com.br\/index.php\/wp-json\/wp\/v2\/posts"}],"about":[{"href":"https:\/\/www.paranapraia.com.br\/index.php\/wp-json\/wp\/v2\/types\/post"}],"author":[{"embeddable":true,"href":"https:\/\/www.paranapraia.com.br\/index.php\/wp-json\/wp\/v2\/users\/2"}],"replies":[{"embeddable":true,"href":"https:\/\/www.paranapraia.com.br\/index.php\/wp-json\/wp\/v2\/comments?post=72037"}],"version-history":[{"count":1,"href":"https:\/\/www.paranapraia.com.br\/index.php\/wp-json\/wp\/v2\/posts\/72037\/revisions"}],"predecessor-version":[{"id":72039,"href":"https:\/\/www.paranapraia.com.br\/index.php\/wp-json\/wp\/v2\/posts\/72037\/revisions\/72039"}],"wp:featuredmedia":[{"embeddable":true,"href":"https:\/\/www.paranapraia.com.br\/index.php\/wp-json\/wp\/v2\/media\/72038"}],"wp:attachment":[{"href":"https:\/\/www.paranapraia.com.br\/index.php\/wp-json\/wp\/v2\/media?parent=72037"}],"wp:term":[{"taxonomy":"category","embeddable":true,"href":"https:\/\/www.paranapraia.com.br\/index.php\/wp-json\/wp\/v2\/categories?post=72037"},{"taxonomy":"post_tag","embeddable":true,"href":"https:\/\/www.paranapraia.com.br\/index.php\/wp-json\/wp\/v2\/tags?post=72037"}],"curies":[{"name":"wp","href":"https:\/\/api.w.org\/{rel}","templated":true}]}}