{"id":72028,"date":"2025-09-12T16:29:53","date_gmt":"2025-09-12T19:29:53","guid":{"rendered":"https:\/\/www.paranapraia.com.br\/?p=72028"},"modified":"2025-09-12T16:29:55","modified_gmt":"2025-09-12T19:29:55","slug":"agencia-do-trabalhador-de-paranagua-conclui-mutirao-de-empregos-com-mais-de-100-vagas","status":"publish","type":"post","link":"https:\/\/www.paranapraia.com.br\/index.php\/2025\/09\/12\/agencia-do-trabalhador-de-paranagua-conclui-mutirao-de-empregos-com-mais-de-100-vagas\/","title":{"rendered":"Ag\u00eancia do Trabalhador de Paranagu\u00e1 conclui Mutir\u00e3o de Empregos com mais de 100 vagas"},"content":{"rendered":"\n<p>Quatro empresas ligadas ao setor portu\u00e1rio ofertaram mais de 100 postos de trabalho durante o Mutir\u00e3o de Empregos realizado na quinta-feira, dia 11, numa parceria da Prefeitura de Paranagu\u00e1, com apoio da Secretaria Municipal de Trabalho e Inova\u00e7\u00e3o (Setrin) por meio da Ag\u00eancia do Trabalhador e do SINE (Sistema Nacional de Empregos).<\/p>\n\n\n\n<p>Os recrutadores realizaram entrevistas para preencher 101 postos imediatos de trabalho.<\/p>\n\n\n\n<p>O prefeito Adriano Ramos participou do Feir\u00e3o, conversou com alguns candidatos, ouviu de agentes e recrutadores sobre os resultados da a\u00e7\u00e3o e ainda acompanhou servi\u00e7os de manuten\u00e7\u00e3o e melhorias no pr\u00e9dio da Setrin. O prefeito esteve acompanhado do Chefe de Gabinete, Andr\u00e9 Ferruci.<\/p>\n\n\n\n<p>Adriano Ramos disse que Paranagu\u00e1 vive um novo tempo de desenvolvimento e agradeceu o empenho de todos os agentes p\u00fablicos desde a capta\u00e7\u00e3o das vagas, passando pela triagem e encaminhamento para as entrevistas.<\/p>\n\n\n\n<p>&#8220;Foram dois feir\u00f5es nas \u00faltimas duas semanas, um com 60 vagas e esse recente com mais de 100 pessoas que v\u00e3o come\u00e7ar a trabalhar. Os resultados s\u00e3o espetaculares. A Secretaria de Trabalho faz a diferen\u00e7a na gest\u00e3o e tem esse objetivo de atuar para aproximar quem precisa de quem gera mais empregos na cidade. As vagas est\u00e3o passando pelo SINE e n\u00f3s crescemos 112% acima da meta. Foram mais de 1.610 empregos somente no primeiro semestre de 2025&#8221;, disse o prefeito.<\/p>\n\n\n\n<p>O prefeito tamb\u00e9m confirmou que novas empresas est\u00e3o se instalando e outras j\u00e1 manifestam inten\u00e7\u00e3o de ampliar a atua\u00e7\u00e3o na cidade.<\/p>\n\n\n\n<p>&#8220;Conversamos com o Silvio Geraldo, o chefe do N\u00facleo do Trabalho no Litoral, e tivemos a confirma\u00e7\u00e3o que mais empresas querem ofertar vagas no SINE. Podemos ter mais feir\u00f5es como esse com novos empregos nas pr\u00f3ximas semanas&#8221;, destacou Adriano Ramos.<\/p>\n\n\n\n<p>&#8220;Essa \u00e9 a Paranagu\u00e1 que sempre sonhamos, uma cidade que come\u00e7a a se desenvolver. N\u00e3o importa o tamanho da empresa, pois todos os empres\u00e1rios ser\u00e3o bem tratados, dentro da legalidade, para que nossas fam\u00edlias parnanguaras tenham cada vez mais oportunidades de buscar e manter o emprego. Vamos dar o mesmo tratamento a todos os empres\u00e1rios que querem contribuir com o desenvolvimento das fam\u00edlias da nossa cidade&#8221;, explicou o prefeito.<\/p>\n\n\n\n<p>Realizaram entrevistas profissionais de Recursos Humanos das empresas BTG Porto Sertranding BR &nbsp;(33 vagas), SimakRent (16), Instech (9) e Employer (47).<\/p>\n\n\n\n<p>Outras empresas j\u00e1 sinalizaram inten\u00e7\u00e3o em captar trabalhadores em parceria com o munic\u00edpio e novos feir\u00f5es devem ser realizados nas pr\u00f3ximas semanas.<\/p>\n\n\n\n<p>A Ag\u00eancia do Trabalhador\/SINE Paranagu\u00e1 funciona de segunda \u00e0 sexta das 8h \u00e0s 12h e das 13h30 \u00e0s 17 h. Os candidatos devem comparecer e apresentar documento com foto, curr\u00edculo, Carteira de Trabalho e comprovante de resid\u00eancia \u00e0 Rua Jos\u00e9 Gomes, 320, bairro Tuiuti.<\/p>\n\n\n\n<p>Prefeitura de Paranagu\u00e1<\/p>\n","protected":false},"excerpt":{"rendered":"<p>Quatro empresas ligadas ao setor portu\u00e1rio ofertaram mais de 100 postos de trabalho durante o Mutir\u00e3o de Empregos realizado na quinta-feira, dia 11, numa parceria da Prefeitura de Paranagu\u00e1, com apoio da Secretaria Municipal de Trabalho e Inova\u00e7\u00e3o (Setrin) por meio da Ag\u00eancia do Trabalhador e do SINE (Sistema Nacional de Empregos). Os recrutadores realizaram [&hellip;]<\/p>\n","protected":false},"author":2,"featured_media":72029,"comment_status":"open","ping_status":"open","sticky":false,"template":"","format":"standard","meta":{"advanced_seo_description":"","jetpack_seo_html_title":"","jetpack_seo_noindex":false,"_jetpack_memberships_contains_paid_content":false,"footnotes":""},"categories":[77],"tags":[],"class_list":{"0":"post-72028","1":"post","2":"type-post","3":"status-publish","4":"format-standard","5":"has-post-thumbnail","7":"category-paranagua"},"jetpack_featured_media_url":"https:\/\/www.paranapraia.com.br\/wp-content\/uploads\/2025\/09\/18665.jpg","jetpack_sharing_enabled":true,"_links":{"self":[{"href":"https:\/\/www.paranapraia.com.br\/index.php\/wp-json\/wp\/v2\/posts\/72028"}],"collection":[{"href":"https:\/\/www.paranapraia.com.br\/index.php\/wp-json\/wp\/v2\/posts"}],"about":[{"href":"https:\/\/www.paranapraia.com.br\/index.php\/wp-json\/wp\/v2\/types\/post"}],"author":[{"embeddable":true,"href":"https:\/\/www.paranapraia.com.br\/index.php\/wp-json\/wp\/v2\/users\/2"}],"replies":[{"embeddable":true,"href":"https:\/\/www.paranapraia.com.br\/index.php\/wp-json\/wp\/v2\/comments?post=72028"}],"version-history":[{"count":1,"href":"https:\/\/www.paranapraia.com.br\/index.php\/wp-json\/wp\/v2\/posts\/72028\/revisions"}],"predecessor-version":[{"id":72030,"href":"https:\/\/www.paranapraia.com.br\/index.php\/wp-json\/wp\/v2\/posts\/72028\/revisions\/72030"}],"wp:featuredmedia":[{"embeddable":true,"href":"https:\/\/www.paranapraia.com.br\/index.php\/wp-json\/wp\/v2\/media\/72029"}],"wp:attachment":[{"href":"https:\/\/www.paranapraia.com.br\/index.php\/wp-json\/wp\/v2\/media?parent=72028"}],"wp:term":[{"taxonomy":"category","embeddable":true,"href":"https:\/\/www.paranapraia.com.br\/index.php\/wp-json\/wp\/v2\/categories?post=72028"},{"taxonomy":"post_tag","embeddable":true,"href":"https:\/\/www.paranapraia.com.br\/index.php\/wp-json\/wp\/v2\/tags?post=72028"}],"curies":[{"name":"wp","href":"https:\/\/api.w.org\/{rel}","templated":true}]}}