{"id":72025,"date":"2025-09-12T16:26:22","date_gmt":"2025-09-12T19:26:22","guid":{"rendered":"https:\/\/www.paranapraia.com.br\/?p=72025"},"modified":"2025-09-12T16:26:24","modified_gmt":"2025-09-12T19:26:24","slug":"esporte-e-interacao-marcam-o-2o-festival-do-idoso-em-pontal-do-parana","status":"publish","type":"post","link":"https:\/\/www.paranapraia.com.br\/index.php\/2025\/09\/12\/esporte-e-interacao-marcam-o-2o-festival-do-idoso-em-pontal-do-parana\/","title":{"rendered":"Esporte e intera\u00e7\u00e3o marcam o 2\u00ba Festival do Idoso em Pontal do Paran\u00e1"},"content":{"rendered":"\n<p>O <a><\/a>segundo festival que aconteceu ontem (11), promoveu atividades esportivas e contou com a participa\u00e7\u00e3o de equipes de diferentes cidades do litoral e da regi\u00e3o metropolitana de Curitiba, al\u00e9m de lideran\u00e7as locais.<\/p>\n\n\n\n<p>O Festival do Idoso 2025 foi realizado em Pontal do Paran\u00e1 com programa\u00e7\u00e3o voltada \u00e0 conviv\u00eancia e \u00e0 integra\u00e7\u00e3o entre gera\u00e7\u00f5es. A iniciativa foi organizada pela Prefeitura Municipal, em parceria com a Secretaria da Fam\u00edlia e Desenvolvimento Social e o Centro de Conviv\u00eancia do Idoso (CCI).<\/p>\n\n\n\n<p>A programa\u00e7\u00e3o esportiva incluiu jogos de v\u00f4lei c\u00e2mbio, v\u00f4lei no escuro e basquete rel\u00f3gio, modalidades que estimularam a participa\u00e7\u00e3o coletiva e a intera\u00e7\u00e3o entre os presentes.<\/p>\n\n\n\n<p>Durante a abertura, o prefeito Rud\u00e3o Gimenes destacou a import\u00e2ncia do evento para a comunidade local e para os munic\u00edpios vizinhos:<\/p>\n\n\n\n<p>\u201cVoc\u00eas s\u00e3o um exemplo para a nossa sociedade, e \u00e9 uma alegria estar realizando esta Segunda Edi\u00e7\u00e3o do Festival da Melhor Idade, aqui em Pontal do Paran\u00e1 onde estamos recebendo delega\u00e7\u00f5es de cinco munic\u00edpios para participar deste dia festivo com a terceira idade. Muito mais que uma competi\u00e7\u00e3o esportiva, \u00e9 um espa\u00e7o de viv\u00eancia e qualidade de vida\u201d.<\/p>\n\n\n\n<p>Dentre as autoridades presentes, estavam a vice-prefeita Patr\u00edcia Millo Marcomini, a presidente da C\u00e2mara Municipal e vereadora Elinete Guimar\u00e3es, a vereadora Any Messina, a representante do CRAS Leila Rocha, a secret\u00e1ria da Fam\u00edlia e Desenvolvimento Social Kathia Salom\u00e3o, o secret\u00e1rio de Esporte Eduardo Sa\u00e7aki, a coordenadora do CCI Lucia Menor e a procuradora-geral Dra. Verg\u00ednia Pedroso.<\/p>\n\n\n\n<p>Tamb\u00e9m participaram vereadores, t\u00e9cnicos e delega\u00e7\u00f5es das cidades do litoral e da regi\u00e3o metropolitana de Curitiba.<\/p>\n\n\n\n<p>Aberto \u00e0 comunidade, o Festival do Idoso 2025 integrou pr\u00e1ticas esportivas e momentos de conviv\u00eancia, ressaltando a participa\u00e7\u00e3o dos idosos na vida social de Pontal do Paran\u00e1.<\/p>\n\n\n\n<p>Prefeitura de Pontal do Paran\u00e1<\/p>\n","protected":false},"excerpt":{"rendered":"<p>O segundo festival que aconteceu ontem (11), promoveu atividades esportivas e contou com a participa\u00e7\u00e3o de equipes de diferentes cidades do litoral e da regi\u00e3o metropolitana de Curitiba, al\u00e9m de lideran\u00e7as locais. O Festival do Idoso 2025 foi realizado em Pontal do Paran\u00e1 com programa\u00e7\u00e3o voltada \u00e0 conviv\u00eancia e \u00e0 integra\u00e7\u00e3o entre gera\u00e7\u00f5es. A iniciativa [&hellip;]<\/p>\n","protected":false},"author":2,"featured_media":72026,"comment_status":"open","ping_status":"open","sticky":false,"template":"","format":"standard","meta":{"advanced_seo_description":"","jetpack_seo_html_title":"","jetpack_seo_noindex":false,"_jetpack_memberships_contains_paid_content":false,"footnotes":""},"categories":[65],"tags":[],"class_list":{"0":"post-72025","1":"post","2":"type-post","3":"status-publish","4":"format-standard","5":"has-post-thumbnail","7":"category-pontal-do-parana"},"jetpack_featured_media_url":"https:\/\/www.paranapraia.com.br\/wp-content\/uploads\/2025\/09\/546839452_1130279362534353_963143817963385879_n.jpg","jetpack_sharing_enabled":true,"_links":{"self":[{"href":"https:\/\/www.paranapraia.com.br\/index.php\/wp-json\/wp\/v2\/posts\/72025"}],"collection":[{"href":"https:\/\/www.paranapraia.com.br\/index.php\/wp-json\/wp\/v2\/posts"}],"about":[{"href":"https:\/\/www.paranapraia.com.br\/index.php\/wp-json\/wp\/v2\/types\/post"}],"author":[{"embeddable":true,"href":"https:\/\/www.paranapraia.com.br\/index.php\/wp-json\/wp\/v2\/users\/2"}],"replies":[{"embeddable":true,"href":"https:\/\/www.paranapraia.com.br\/index.php\/wp-json\/wp\/v2\/comments?post=72025"}],"version-history":[{"count":1,"href":"https:\/\/www.paranapraia.com.br\/index.php\/wp-json\/wp\/v2\/posts\/72025\/revisions"}],"predecessor-version":[{"id":72027,"href":"https:\/\/www.paranapraia.com.br\/index.php\/wp-json\/wp\/v2\/posts\/72025\/revisions\/72027"}],"wp:featuredmedia":[{"embeddable":true,"href":"https:\/\/www.paranapraia.com.br\/index.php\/wp-json\/wp\/v2\/media\/72026"}],"wp:attachment":[{"href":"https:\/\/www.paranapraia.com.br\/index.php\/wp-json\/wp\/v2\/media?parent=72025"}],"wp:term":[{"taxonomy":"category","embeddable":true,"href":"https:\/\/www.paranapraia.com.br\/index.php\/wp-json\/wp\/v2\/categories?post=72025"},{"taxonomy":"post_tag","embeddable":true,"href":"https:\/\/www.paranapraia.com.br\/index.php\/wp-json\/wp\/v2\/tags?post=72025"}],"curies":[{"name":"wp","href":"https:\/\/api.w.org\/{rel}","templated":true}]}}