{"id":72022,"date":"2025-09-12T16:23:26","date_gmt":"2025-09-12T19:23:26","guid":{"rendered":"https:\/\/www.paranapraia.com.br\/?p=72022"},"modified":"2025-09-12T16:23:28","modified_gmt":"2025-09-12T19:23:28","slug":"pontal-do-parana-sera-contemplado-com-r-20-milhoes-em-investimentos-de-pavimentacao","status":"publish","type":"post","link":"https:\/\/www.paranapraia.com.br\/index.php\/2025\/09\/12\/pontal-do-parana-sera-contemplado-com-r-20-milhoes-em-investimentos-de-pavimentacao\/","title":{"rendered":"Pontal do Paran\u00e1 ser\u00e1 contemplado com R$ 20 milh\u00f5es em investimentos de pavimenta\u00e7\u00e3o"},"content":{"rendered":"\n<p>O <a><\/a>Governo do Paran\u00e1, por meio da Secretaria das Cidades (Secid), anunciou nesta sexta-feira (12), em Paranagu\u00e1, um pacote de investimentos de R$ 150 milh\u00f5es para obras de pavimenta\u00e7\u00e3o nos sete munic\u00edpios do Litoral.<\/p>\n\n\n\n<p>O an\u00fancio foi feito pelo secret\u00e1rio estadual das Cidades, Guto Silva, em evento na sede do Instituto Superior do Litoral do Paran\u00e1 (Isulpar), com a presen\u00e7a de prefeitos, deputados estaduais e representantes da sociedade civil.<\/p>\n\n\n\n<p>O maior montante de recursos (R$ 130 milh\u00f5es) faz parte do programa Asfalto Novo, Vida Nova, que est\u00e1 melhorando a infraestrutura urbana e a qualidade de vida da popula\u00e7\u00e3o paranaense ao pavimentar vias que ainda se encontram em leito natural.<\/p>\n\n\n\n<p>Segundo o secret\u00e1rio de Estado das Cidades, Guto Silva, a estrat\u00e9gia para o Litoral, no primeiro mandato do governador Ratinho J\u00fanior, focou em obras estruturantes, como a Ponte de Guaratuba, a melhoria da Praia de Matinhos, a revitaliza\u00e7\u00e3o da orla do Rio Itiber\u00ea, a Ponte dos Valadares, entre outras requalifica\u00e7\u00f5es de \u00e1reas importantes, somando quase R$ 2 bilh\u00f5es em infraestrutura e log\u00edstica.<\/p>\n\n\n\n<p>\u201cChegou o momento de cuidar do trabalhador que vive nesses bairros e melhorar a qualidade de vida. Anteriormente, um questionamento comum era que o Litoral era visto pelos governos apenas durante a temporada, mas agora estamos trabalhando para mudar essa realidade\u201d, completou o secret\u00e1rio.<\/p>\n\n\n\n<p>Pontal do Paran\u00e1 ter\u00e1 obras de ponta a ponta<\/p>\n\n\n\n<p>Do total de recursos, Pontal do Paran\u00e1 ser\u00e1 contemplado com R$ 20 milh\u00f5es para pavimenta\u00e7\u00e3o.<\/p>\n\n\n\n<p>Os projetos j\u00e1 est\u00e3o alinhados e devem contemplar cerca de 20 ruas em diferentes regi\u00f5es da cidade, levando melhorias de ponta a ponta do munic\u00edpio, come\u00e7ando no Guaragua\u00e7u e avan\u00e7ando at\u00e9 Pontal do Sul.<\/p>\n\n\n\n<p>O presidente da Associa\u00e7\u00e3o dos Munic\u00edpios do Litoral Paranaense (Amlipa) e prefeito de Pontal do Paran\u00e1, Rud\u00e3o Gimenes, destacou que esses investimentos s\u00e3o hist\u00f3ricos para o munic\u00edpio.<\/p>\n\n\n\n<p>\u201cAgora cada um dos prefeitos aqui do litoral sai com essa miss\u00e3o de fazer esses projetos, garantir esse recurso e colocar essas obras na rua. Estamos gratos ao Governo do Estado por esse apoio e esses grandes investimentos no litoral\u201d, afirmou.<\/p>\n\n\n\n<p>\u201cO Litoral do Paran\u00e1 tem papel estrat\u00e9gico para o desenvolvimento do Estado e os investimentos pelo programa Asfalto Novo, Vida Nova est\u00e3o mudando a realidade dos munic\u00edpios, levando infraestrutura a bairros que h\u00e1 d\u00e9cadas aguardavam melhorias\u201d, complementou.<\/p>\n\n\n\n<p>Presen\u00e7as<\/p>\n\n\n\n<p>Participaram do an\u00fancio o presidente da Assembleia Legislativa, Alexandre Curi, os deputados estaduais Alisson Wandscheer e Nelson Justus, al\u00e9m do deputado federal Geraldo Mendes.<\/p>\n\n\n\n<p>Na ocasi\u00e3o, tamb\u00e9m estiveram presentes representando Pontal do Paran\u00e1 a vice-prefeita Patr\u00edcia Millo Marcomini, o secret\u00e1rio municipal de Planejamento Urbano e Infraestrutura, Heitor Kayamori, e o secret\u00e1rio de Governo, F\u00e1bio de Oliveira.<\/p>\n\n\n\n<p>Prefeitura de Pontal do Paran\u00e1<\/p>\n","protected":false},"excerpt":{"rendered":"<p>O Governo do Paran\u00e1, por meio da Secretaria das Cidades (Secid), anunciou nesta sexta-feira (12), em Paranagu\u00e1, um pacote de investimentos de R$ 150 milh\u00f5es para obras de pavimenta\u00e7\u00e3o nos sete munic\u00edpios do Litoral. O an\u00fancio foi feito pelo secret\u00e1rio estadual das Cidades, Guto Silva, em evento na sede do Instituto Superior do Litoral do [&hellip;]<\/p>\n","protected":false},"author":2,"featured_media":72023,"comment_status":"open","ping_status":"open","sticky":false,"template":"","format":"standard","meta":{"advanced_seo_description":"","jetpack_seo_html_title":"","jetpack_seo_noindex":false,"_jetpack_memberships_contains_paid_content":false,"footnotes":""},"categories":[65],"tags":[],"class_list":{"0":"post-72022","1":"post","2":"type-post","3":"status-publish","4":"format-standard","5":"has-post-thumbnail","7":"category-pontal-do-parana"},"jetpack_featured_media_url":"https:\/\/www.paranapraia.com.br\/wp-content\/uploads\/2025\/09\/546793696_1130344335861189_3080026499212438617_n.jpg","jetpack_sharing_enabled":true,"_links":{"self":[{"href":"https:\/\/www.paranapraia.com.br\/index.php\/wp-json\/wp\/v2\/posts\/72022"}],"collection":[{"href":"https:\/\/www.paranapraia.com.br\/index.php\/wp-json\/wp\/v2\/posts"}],"about":[{"href":"https:\/\/www.paranapraia.com.br\/index.php\/wp-json\/wp\/v2\/types\/post"}],"author":[{"embeddable":true,"href":"https:\/\/www.paranapraia.com.br\/index.php\/wp-json\/wp\/v2\/users\/2"}],"replies":[{"embeddable":true,"href":"https:\/\/www.paranapraia.com.br\/index.php\/wp-json\/wp\/v2\/comments?post=72022"}],"version-history":[{"count":1,"href":"https:\/\/www.paranapraia.com.br\/index.php\/wp-json\/wp\/v2\/posts\/72022\/revisions"}],"predecessor-version":[{"id":72024,"href":"https:\/\/www.paranapraia.com.br\/index.php\/wp-json\/wp\/v2\/posts\/72022\/revisions\/72024"}],"wp:featuredmedia":[{"embeddable":true,"href":"https:\/\/www.paranapraia.com.br\/index.php\/wp-json\/wp\/v2\/media\/72023"}],"wp:attachment":[{"href":"https:\/\/www.paranapraia.com.br\/index.php\/wp-json\/wp\/v2\/media?parent=72022"}],"wp:term":[{"taxonomy":"category","embeddable":true,"href":"https:\/\/www.paranapraia.com.br\/index.php\/wp-json\/wp\/v2\/categories?post=72022"},{"taxonomy":"post_tag","embeddable":true,"href":"https:\/\/www.paranapraia.com.br\/index.php\/wp-json\/wp\/v2\/tags?post=72022"}],"curies":[{"name":"wp","href":"https:\/\/api.w.org\/{rel}","templated":true}]}}