{"id":7202,"date":"2019-04-18T20:29:10","date_gmt":"2019-04-18T23:29:10","guid":{"rendered":"https:\/\/www.paranapraia.com.br\/?p=7202"},"modified":"2019-04-18T20:29:11","modified_gmt":"2019-04-18T23:29:11","slug":"estradas-para-litoral-do-parana-e-santa-catarina-ficam-lotadas","status":"publish","type":"post","link":"https:\/\/www.paranapraia.com.br\/index.php\/2019\/04\/18\/estradas-para-litoral-do-parana-e-santa-catarina-ficam-lotadas\/","title":{"rendered":"Estradas para Litoral do Paran\u00e1 e Santa Catarina ficam lotadas"},"content":{"rendered":"\n<p>O movimento nas estradas do Paran\u00e1 come\u00e7ou a aumentar no fim da tarde desta quinta-feira (18). Na BR-277, que liga Curitiba ao Litoral do Paran\u00e1, por volta das 18h10, o movimento era de 1.400 carros por hora, o triplo do normal. A&nbsp;Ecovia, concession\u00e1ria respons\u00e1vel pelo trecho, prev\u00ea a circula\u00e7\u00e3o de quase 85 mil ve\u00edculos em ambos os sentidos do trecho de concess\u00e3o durante o feriado.&nbsp; De acordo com a concession\u00e1ria,&nbsp;ainda nesta quintamais de 12 mil ve\u00edculos s\u00e3o esperados na descida da Serra do Mar. O maior fluxo est\u00e1 previsto para as 19 horas, quando mil ve\u00edculos devem seguir em dire\u00e7\u00e3o ao Litoral, mas j\u00e1 no meio da tarde o fluxo j\u00e1 vai estar acima do normal. J\u00e1 no retorno, domingo deve ter o maior movimento e 24 mil ve\u00edculos devem retornar pela BR-277. O pico est\u00e1 previsto entre 17 e 18 horas, com mais de dois mil ve\u00edculos.<\/p>\n\n\n\n<p>Pela BR-376, o movimento come\u00e7ou a se intensificar por volta das 16 horas com 1700 carros por hora. A Concession\u00e1ria Autopista Litoral Sul, que estima ainda a passagem de 43 mil ve\u00edculos por dia em cada uma das pra\u00e7as da concession\u00e1ria, na principal rota de liga\u00e7\u00e3o entre as capitais Curitiba e Florian\u00f3polis \u2014 volume 23% maior do que o registrado em dias normais.<\/p>\n\n\n\n<p>Na BR-116, entre Curitiba e S\u00e3o Paulo, s\u00e3o esperados que 630 mil ve\u00edculos circulem nas seis pra\u00e7as de ped\u00e1gio da R\u00e9gis Bittencourt. A Concession\u00e1ria espera um aumento de tr\u00e1fego de 18% durante o per\u00edodo, em rela\u00e7\u00e3o aos dias normais. No trecho da BR-116 entre Curitiba e a divisa com Santa Catarina, o fluxo de ve\u00edculos deve subir 21% durante o feriado.<\/p>\n\n\n\n<p>Rodovi\u00e1ria<br>Quem for at\u00e9 a Rodovi\u00e1ria de Curitiba deve ficar atento para o movimento do feriado. De quinta at\u00e9 s\u00e1bado (20), 1.650 \u00f4nibus devem deixar o terminal com mais de 46 mil passageiros. O movimento j\u00e1 ser\u00e1 maior durante todo o dia e vai se intensificar a partir das 18 horas.<\/p>\n\n\n\n<p>Bem Paran\u00e1<\/p>\n","protected":false},"excerpt":{"rendered":"<p>O movimento nas estradas do Paran\u00e1 come\u00e7ou a aumentar no fim da tarde desta quinta-feira (18). Na BR-277, que liga Curitiba ao Litoral do Paran\u00e1, por volta das 18h10, o movimento era de 1.400 carros por hora, o triplo do normal. A&nbsp;Ecovia, concession\u00e1ria respons\u00e1vel pelo trecho, prev\u00ea a circula\u00e7\u00e3o de quase 85 mil ve\u00edculos em [&hellip;]<\/p>\n","protected":false},"author":2,"featured_media":7203,"comment_status":"open","ping_status":"open","sticky":false,"template":"","format":"standard","meta":{"advanced_seo_description":"","jetpack_seo_html_title":"","jetpack_seo_noindex":false,"_jetpack_memberships_contains_paid_content":false,"footnotes":""},"categories":[40],"tags":[],"class_list":{"0":"post-7202","1":"post","2":"type-post","3":"status-publish","4":"format-standard","5":"has-post-thumbnail","7":"category-destaques"},"jetpack_featured_media_url":"https:\/\/www.paranapraia.com.br\/wp-content\/uploads\/2019\/04\/st.jpg","jetpack_sharing_enabled":true,"_links":{"self":[{"href":"https:\/\/www.paranapraia.com.br\/index.php\/wp-json\/wp\/v2\/posts\/7202"}],"collection":[{"href":"https:\/\/www.paranapraia.com.br\/index.php\/wp-json\/wp\/v2\/posts"}],"about":[{"href":"https:\/\/www.paranapraia.com.br\/index.php\/wp-json\/wp\/v2\/types\/post"}],"author":[{"embeddable":true,"href":"https:\/\/www.paranapraia.com.br\/index.php\/wp-json\/wp\/v2\/users\/2"}],"replies":[{"embeddable":true,"href":"https:\/\/www.paranapraia.com.br\/index.php\/wp-json\/wp\/v2\/comments?post=7202"}],"version-history":[{"count":1,"href":"https:\/\/www.paranapraia.com.br\/index.php\/wp-json\/wp\/v2\/posts\/7202\/revisions"}],"predecessor-version":[{"id":7204,"href":"https:\/\/www.paranapraia.com.br\/index.php\/wp-json\/wp\/v2\/posts\/7202\/revisions\/7204"}],"wp:featuredmedia":[{"embeddable":true,"href":"https:\/\/www.paranapraia.com.br\/index.php\/wp-json\/wp\/v2\/media\/7203"}],"wp:attachment":[{"href":"https:\/\/www.paranapraia.com.br\/index.php\/wp-json\/wp\/v2\/media?parent=7202"}],"wp:term":[{"taxonomy":"category","embeddable":true,"href":"https:\/\/www.paranapraia.com.br\/index.php\/wp-json\/wp\/v2\/categories?post=7202"},{"taxonomy":"post_tag","embeddable":true,"href":"https:\/\/www.paranapraia.com.br\/index.php\/wp-json\/wp\/v2\/tags?post=7202"}],"curies":[{"name":"wp","href":"https:\/\/api.w.org\/{rel}","templated":true}]}}