{"id":72019,"date":"2025-09-12T12:43:57","date_gmt":"2025-09-12T15:43:57","guid":{"rendered":"https:\/\/www.paranapraia.com.br\/?p=72019"},"modified":"2025-09-12T12:44:00","modified_gmt":"2025-09-12T15:44:00","slug":"prefeitura-de-paranagua-retoma-ginastica-artistica-com-curso-de-capacitacao-e-abre-caminho-para-nova-geracao-de-atletas","status":"publish","type":"post","link":"https:\/\/www.paranapraia.com.br\/index.php\/2025\/09\/12\/prefeitura-de-paranagua-retoma-ginastica-artistica-com-curso-de-capacitacao-e-abre-caminho-para-nova-geracao-de-atletas\/","title":{"rendered":"Prefeitura de Paranagu\u00e1 retoma gin\u00e1stica art\u00edstica com curso de capacita\u00e7\u00e3o e abre caminho para nova gera\u00e7\u00e3o de atletas"},"content":{"rendered":"\n<p>A Arena Albertina Salmon sedia, de quinta-feira, dia 11, a s\u00e1bado, dia 13, o Curso B\u00e1sico de Gin\u00e1stica Art\u00edstica, promovido pela Prefeitura de Paranagu\u00e1 por meio da Secretaria Municipal de Esportes e Juventude (Sespor), em parceria com a Secretaria Municipal de Educa\u00e7\u00e3o e Ensino Integral (Semedi). A capacita\u00e7\u00e3o re\u00fane professores, estudantes e ex-ginastas interessados em atualiza\u00e7\u00e3o e forma\u00e7\u00e3o na modalidade, que est\u00e1 sendo retomada no munic\u00edpio ap\u00f3s mais de dez anos de interrup\u00e7\u00e3o.<\/p>\n\n\n\n<p>Silvio Lucas, secret\u00e1rio municipal de Esportes, destacou a relev\u00e2ncia da iniciativa para o futuro do esporte em Paranagu\u00e1. \u201cEsse curso representa mais um passo da gest\u00e3o Adriano Ramos no compromisso de oferecer oportunidades de forma\u00e7\u00e3o e capacita\u00e7\u00e3o para os profissionais e apaixonados pelo esporte em nossa cidade. A gin\u00e1stica art\u00edstica estava h\u00e1 muitos anos parada em Paranagu\u00e1, e agora estamos retomando esse trabalho com qualidade e planejamento. Queremos que nossas crian\u00e7as e jovens tenham acesso a modalidades diversas e que os professores estejam preparados para conduzir esse processo. Investir em esporte \u00e9 investir em sa\u00fade, cidadania e no futuro da nossa comunidade\u201d, disse.<\/p>\n\n\n\n<p>O curso foi ministrado pelo professor Juliano Fulas, parnanguara que atualmente coordena o polo de gin\u00e1stica art\u00edstica em Tel\u00eamaco Borba. Refer\u00eancia nacional na modalidade, ele j\u00e1 atuou em centros de excel\u00eancia em Curitiba e no Minas T\u00eanis Clube, em Belo Horizonte.<\/p>\n\n\n\n<p>Ao retornar \u00e0 sua cidade natal para a capacita\u00e7\u00e3o, Juliano apresentou conte\u00fados que envolveram desde aspectos t\u00e9cnicos \u2014 como aquecimento, prepara\u00e7\u00e3o f\u00edsica, movimentos acrob\u00e1ticos e estrutura\u00e7\u00e3o de aulas \u2014 at\u00e9 reflex\u00f5es sobre o papel da gin\u00e1stica art\u00edstica na forma\u00e7\u00e3o cidad\u00e3. \u201cQuando h\u00e1 conte\u00fado e t\u00e9cnica existe desenvolvimento. A gin\u00e1stica \u00e9 um esporte que exige estrutura e, principalmente, profissionais capacitados. Iniciativas como essa s\u00e3o fundamentais para que o trabalho com crian\u00e7as e jovens tenha qualidade e resultados concretos. Mais do que esporte, trabalhamos forma\u00e7\u00e3o para a vida, com valores como disciplina, respeito e organiza\u00e7\u00e3o\u201d, comentou Fulas.<\/p>\n\n\n\n<p><strong>Retomada da gin\u00e1stica em Paranagu\u00e1<\/strong><\/p>\n\n\n\n<p>Segundo Beuge Cristiane Biondo Lucas, coordenadora de gin\u00e1stica art\u00edstica da Sespor, o curso representa um marco na reconstru\u00e7\u00e3o da modalidade no munic\u00edpio. \u201cEstamos reestruturando a gin\u00e1stica em Paranagu\u00e1 depois de dez anos de paralisa\u00e7\u00e3o. Eu mesma j\u00e1 sentia, h\u00e1 muito tempo, a necessidade de formar novos profissionais, mas conseguia suprir sozinha. Hoje n\u00e3o \u00e9 mais poss\u00edvel. Por isso, buscamos essa parceria e abrimos o curso \u00e0 comunidade. Tivemos 18 inscritos, entre ex-ginastas, acad\u00eamicos e professores de educa\u00e7\u00e3o f\u00edsica. \u00c9 uma forma de garantir que a gin\u00e1stica se perpetue pelos pr\u00f3ximos 20, 30, 50 anos\u201d, explicou.<\/p>\n\n\n\n<p>Os participantes destacaram a oportunidade de ampliar conhecimentos que v\u00e3o al\u00e9m da modalidade. Para a estudante de Educa\u00e7\u00e3o F\u00edsica Camila Cristina Cabral Gon\u00e7alves, que tamb\u00e9m atua em academia, a experi\u00eancia trouxe aprendizados aplic\u00e1veis em diferentes \u00e1reas.<\/p>\n\n\n\n<p>\u201cEu j\u00e1 fui ginasta na inf\u00e2ncia e agora minha filha tamb\u00e9m pratica. O curso me trouxe de volta esse amor pela modalidade e, ao mesmo tempo, agrega muito no meu dia a dia como professora. Mesmo atuando na muscula\u00e7\u00e3o, esses conhecimentos sobre organiza\u00e7\u00e3o, disciplina e preparo f\u00edsico s\u00e3o valiosos\u201d, afirmou Camila.<\/p>\n\n\n\n<p>Para profissionais de outras modalidades esportivas, como o professor de karat\u00ea Ant\u00f4nio Osvaldo Miranda, a capacita\u00e7\u00e3o tamb\u00e9m teve grande valor. \u201c\u00c9 um curso que vem de encontro com aquilo que j\u00e1 pratico h\u00e1 tantos anos. As informa\u00e7\u00f5es agregam para qualquer modalidade esportiva. Basta saber trabalhar e desenvolver o atleta\u201d, disse.<\/p>\n\n\n\n<p><strong>Esporte como futuro<\/strong><\/p>\n\n\n\n<p>A retomada da gin\u00e1stica em Paranagu\u00e1 \u00e9 vista pela Sespor como parte da miss\u00e3o de ampliar o acesso das crian\u00e7as e jovens ao esporte, formando cidad\u00e3os mais conscientes, saud\u00e1veis e preparados para os desafios da vida.<\/p>\n\n\n\n<p>\u201cA gin\u00e1stica art\u00edstica \u00e9 uma modalidade que exige dedica\u00e7\u00e3o, mas que oferece grandes benef\u00edcios, tanto f\u00edsicos quanto mentais. Esse curso \u00e9 o primeiro passo de uma caminhada que queremos longa e transformadora para a cidade\u201d, concluiu Juliano Fulas.<\/p>\n\n\n\n<p>Prefeitura de Paranagu\u00e1<\/p>\n","protected":false},"excerpt":{"rendered":"<p>A Arena Albertina Salmon sedia, de quinta-feira, dia 11, a s\u00e1bado, dia 13, o Curso B\u00e1sico de Gin\u00e1stica Art\u00edstica, promovido pela Prefeitura de Paranagu\u00e1 por meio da Secretaria Municipal de Esportes e Juventude (Sespor), em parceria com a Secretaria Municipal de Educa\u00e7\u00e3o e Ensino Integral (Semedi). A capacita\u00e7\u00e3o re\u00fane professores, estudantes e ex-ginastas interessados em [&hellip;]<\/p>\n","protected":false},"author":2,"featured_media":72020,"comment_status":"open","ping_status":"open","sticky":false,"template":"","format":"standard","meta":{"advanced_seo_description":"","jetpack_seo_html_title":"","jetpack_seo_noindex":false,"_jetpack_memberships_contains_paid_content":false,"footnotes":""},"categories":[77],"tags":[],"class_list":{"0":"post-72019","1":"post","2":"type-post","3":"status-publish","4":"format-standard","5":"has-post-thumbnail","7":"category-paranagua"},"jetpack_featured_media_url":"https:\/\/www.paranapraia.com.br\/wp-content\/uploads\/2025\/09\/18658.jpg","jetpack_sharing_enabled":true,"_links":{"self":[{"href":"https:\/\/www.paranapraia.com.br\/index.php\/wp-json\/wp\/v2\/posts\/72019"}],"collection":[{"href":"https:\/\/www.paranapraia.com.br\/index.php\/wp-json\/wp\/v2\/posts"}],"about":[{"href":"https:\/\/www.paranapraia.com.br\/index.php\/wp-json\/wp\/v2\/types\/post"}],"author":[{"embeddable":true,"href":"https:\/\/www.paranapraia.com.br\/index.php\/wp-json\/wp\/v2\/users\/2"}],"replies":[{"embeddable":true,"href":"https:\/\/www.paranapraia.com.br\/index.php\/wp-json\/wp\/v2\/comments?post=72019"}],"version-history":[{"count":1,"href":"https:\/\/www.paranapraia.com.br\/index.php\/wp-json\/wp\/v2\/posts\/72019\/revisions"}],"predecessor-version":[{"id":72021,"href":"https:\/\/www.paranapraia.com.br\/index.php\/wp-json\/wp\/v2\/posts\/72019\/revisions\/72021"}],"wp:featuredmedia":[{"embeddable":true,"href":"https:\/\/www.paranapraia.com.br\/index.php\/wp-json\/wp\/v2\/media\/72020"}],"wp:attachment":[{"href":"https:\/\/www.paranapraia.com.br\/index.php\/wp-json\/wp\/v2\/media?parent=72019"}],"wp:term":[{"taxonomy":"category","embeddable":true,"href":"https:\/\/www.paranapraia.com.br\/index.php\/wp-json\/wp\/v2\/categories?post=72019"},{"taxonomy":"post_tag","embeddable":true,"href":"https:\/\/www.paranapraia.com.br\/index.php\/wp-json\/wp\/v2\/tags?post=72019"}],"curies":[{"name":"wp","href":"https:\/\/api.w.org\/{rel}","templated":true}]}}