{"id":72009,"date":"2025-09-12T10:07:43","date_gmt":"2025-09-12T13:07:43","guid":{"rendered":"https:\/\/www.paranapraia.com.br\/?p=72009"},"modified":"2025-09-12T10:07:45","modified_gmt":"2025-09-12T13:07:45","slug":"calor-acima-de-30c-e-nebulosidade-fim-de-semana-tera-tempo-dividido-no-parana","status":"publish","type":"post","link":"https:\/\/www.paranapraia.com.br\/index.php\/2025\/09\/12\/calor-acima-de-30c-e-nebulosidade-fim-de-semana-tera-tempo-dividido-no-parana\/","title":{"rendered":"Calor acima de 30\u00b0C e nebulosidade: fim de semana ter\u00e1 tempo dividido no Paran\u00e1"},"content":{"rendered":"\n<p>O fim de semana ter\u00e1 condi\u00e7\u00f5es bem distintas no Paran\u00e1. Enquanto o Norte e o Oeste enfrentar\u00e3o temperaturas acima dos 30\u00b0C durante as tardes, o Sul e o Leste do Estado ter\u00e3o tempo nublado e temperaturas mais amenas. De acordo com o Simepar (Sistema de Tecnologia e Monitoramento Ambiental do Paran\u00e1), a situa\u00e7\u00e3o muda na segunda-feira (15), com a forma\u00e7\u00e3o de uma \u00e1rea de instabilidade no Sul do Brasil que pode trazer tempestades ao Paran\u00e1, principalmente nas cidades pr\u00f3ximas \u00e0 divisa com Santa Catarina.&nbsp;<\/p>\n\n\n\n<p>A sexta-feira (12) come\u00e7ou com m\u00ednimas abaixo de 10\u00b0C em cidades do Sul e da Regi\u00e3o Metropolitana de Curitiba (RMC), como Lapa, S\u00e3o Mateus do Sul, Palmas e General Carneiro. J\u00e1 em cidades da metade norte do Estado, como Paranava\u00ed, Loanda e Apucarana, as m\u00ednimas ficaram na casa dos 20\u00b0C.&nbsp;<\/p>\n\n\n\n<p>Durante a tarde, ainda faz calor nas regi\u00f5es Norte, Noroeste e Oeste do Paran\u00e1, com m\u00e1ximas de mais de 30\u00b0C em cidades como Loanda, Paranava\u00ed e Maring\u00e1, e possibilidade de pancadas localizadas e r\u00e1pidas de chuva entre as faixas Central e Norte. Entre os Campos Gerais e Leste, a nebulosidade fica vari\u00e1vel ao longo do dia, e as temperaturas m\u00e1ximas ficar\u00e3o na faixa dos 20\u00b0C a tarde.&nbsp;<\/p>\n\n\n\n<p>No s\u00e1bado (13), o sol predomina na maior parte do Paran\u00e1 e o calor segue \u00e0 tarde no Norte e Noroeste, que ter\u00e3o m\u00e1ximas acima de 30\u00b0C. As m\u00ednimas previstas s\u00e3o entre 10\u00b0C e 12\u00b0C no Norte e de aproximadamente 18\u00b0C no Noroeste. No Oeste pode ocorrer maior varia\u00e7\u00e3o de nuvens e h\u00e1 uma baixa possibilidade de pancadas r\u00e1pidas e isoladas de chuva a tarde.<\/p>\n\n\n\n<p>No Centro-Sul, Sudeste, Campos Gerais e RMC, principalmente em cidades como Irati, S\u00e3o Mateus do Sul, Palmas e General Carneiro, as m\u00ednimas podem ficar na casa dos 5\u00b0C, e as m\u00e1ximas devem permanecer na casa dos 20\u00b0C.&nbsp;<\/p>\n\n\n\n<p>No domingo (14) e na segunda-feira (15) as m\u00ednimas nestas mesmas regi\u00f5es podem subir para a faixa dos 10\u00b0C. As m\u00e1ximas tamb\u00e9m sobem gradativamente. No domingo (14), o c\u00e9u fica um pouco mais encoberto, com algumas aberturas de sol em grande parte do Paran\u00e1. Na metade sul do Estado h\u00e1 a possibilidade de algumas pancadas isoladas de chuva com trovoadas.&nbsp;<\/p>\n\n\n\n<p>Segundo J\u00falia Munhoz, meteorologista do Simepar, entre o amanhecer de s\u00e1bado, domingo e segunda-feira, h\u00e1 expectativa de maior cobertura de nuvens baixas em regi\u00f5es como o Litoral, RMC, Campos Gerais e Centro-Sul do Estado. \u201cNa segunda-feira, essas \u00e1reas tamb\u00e9m podem registrar forma\u00e7\u00e3o de nevoeiros nas primeiras horas do dia. Entre a Serra do Mar e as praias, o tempo fica mais vari\u00e1vel, com muitas nuvens e chance de garoa ocasional, especialmente durante o fim de semana\u201d, explica.<\/p>\n\n\n\n<p>Mas \u00e9 na segunda-feira (15), a partir da tarde, que as instabilidades ganham for\u00e7a, principalmente no Centro-Sul. H\u00e1 risco de tempestades em munic\u00edpios pr\u00f3ximos \u00e0 divisa com Santa Catarina, devido \u00e0 forma\u00e7\u00e3o de uma \u00e1rea de instabilidade na regi\u00e3o Sul do Brasil. At\u00e9 a ter\u00e7a-feira a chuva deve chegar com menos intensidade \u00e0s outras regi\u00f5es do Estado &#8211; inclusive a cidades do Norte, que completam quase 30 dias sem registrar uma gota de chuva.&nbsp;<\/p>\n\n\n\n<p>A tend\u00eancia \u00e9 de que as temperaturas n\u00e3o tenham grande oscila\u00e7\u00e3o na pr\u00f3xima semana: as m\u00e1ximas e m\u00ednimas devem permanecer similares \u00e0s que ser\u00e3o registradas na segunda-feira.<\/p>\n\n\n\n<p><strong>SIMEPAR&nbsp;<\/strong>\u2013 Com uma estrutura de 120 esta\u00e7\u00f5es telem\u00e9tricas autom\u00e1ticas, tr\u00eas radares meteorol\u00f3gicos e cinco sensores de descargas atmosf\u00e9ricas, o Simepar \u00e9 respons\u00e1vel por fornecer dados meteorol\u00f3gicos para \u00f3rg\u00e3os como a Coordenadoria da Defesa Civil e a Secretaria do Desenvolvimento Sustent\u00e1vel, de modo a facilitar a\u00e7\u00f5es de resposta a situa\u00e7\u00f5es extremas. S\u00e3o monitoradas desde situa\u00e7\u00f5es causadas por chuvas extremas, como enxurradas, deslizamentos e alagamentos, at\u00e9 situa\u00e7\u00f5es como inc\u00eandios e secas.<\/p>\n\n\n\n<p>Dados mais detalhados da previs\u00e3o do tempo para os 399 munic\u00edpios paranaenses est\u00e3o dispon\u00edveis no site&nbsp;<strong><a href=\"https:\/\/www.simepar.br\/\" target=\"_blank\" rel=\"noreferrer noopener\">www.simepar.br<\/a><\/strong>. A previs\u00e3o tem duas atualiza\u00e7\u00f5es di\u00e1rias. Para cada cidade \u00e9 poss\u00edvel saber o quanto deve chover, temperaturas m\u00ednimas e m\u00e1ximas previstas, umidade relativa do ar e vento, com detalhamento por hora para a data e o dia seguinte.<\/p>\n\n\n\n<p>AEN\/PR<\/p>\n","protected":false},"excerpt":{"rendered":"<p>O fim de semana ter\u00e1 condi\u00e7\u00f5es bem distintas no Paran\u00e1. Enquanto o Norte e o Oeste enfrentar\u00e3o temperaturas acima dos 30\u00b0C durante as tardes, o Sul e o Leste do Estado ter\u00e3o tempo nublado e temperaturas mais amenas. De acordo com o Simepar (Sistema de Tecnologia e Monitoramento Ambiental do Paran\u00e1), a situa\u00e7\u00e3o muda na [&hellip;]<\/p>\n","protected":false},"author":2,"featured_media":72010,"comment_status":"open","ping_status":"open","sticky":false,"template":"","format":"standard","meta":{"advanced_seo_description":"","jetpack_seo_html_title":"","jetpack_seo_noindex":false,"_jetpack_memberships_contains_paid_content":false,"footnotes":""},"categories":[84],"tags":[],"class_list":{"0":"post-72009","1":"post","2":"type-post","3":"status-publish","4":"format-standard","5":"has-post-thumbnail","7":"category-clima"},"jetpack_featured_media_url":"https:\/\/www.paranapraia.com.br\/wp-content\/uploads\/2025\/09\/20250910_agb_servicos-4-scaled.jpg","jetpack_sharing_enabled":true,"_links":{"self":[{"href":"https:\/\/www.paranapraia.com.br\/index.php\/wp-json\/wp\/v2\/posts\/72009"}],"collection":[{"href":"https:\/\/www.paranapraia.com.br\/index.php\/wp-json\/wp\/v2\/posts"}],"about":[{"href":"https:\/\/www.paranapraia.com.br\/index.php\/wp-json\/wp\/v2\/types\/post"}],"author":[{"embeddable":true,"href":"https:\/\/www.paranapraia.com.br\/index.php\/wp-json\/wp\/v2\/users\/2"}],"replies":[{"embeddable":true,"href":"https:\/\/www.paranapraia.com.br\/index.php\/wp-json\/wp\/v2\/comments?post=72009"}],"version-history":[{"count":1,"href":"https:\/\/www.paranapraia.com.br\/index.php\/wp-json\/wp\/v2\/posts\/72009\/revisions"}],"predecessor-version":[{"id":72011,"href":"https:\/\/www.paranapraia.com.br\/index.php\/wp-json\/wp\/v2\/posts\/72009\/revisions\/72011"}],"wp:featuredmedia":[{"embeddable":true,"href":"https:\/\/www.paranapraia.com.br\/index.php\/wp-json\/wp\/v2\/media\/72010"}],"wp:attachment":[{"href":"https:\/\/www.paranapraia.com.br\/index.php\/wp-json\/wp\/v2\/media?parent=72009"}],"wp:term":[{"taxonomy":"category","embeddable":true,"href":"https:\/\/www.paranapraia.com.br\/index.php\/wp-json\/wp\/v2\/categories?post=72009"},{"taxonomy":"post_tag","embeddable":true,"href":"https:\/\/www.paranapraia.com.br\/index.php\/wp-json\/wp\/v2\/tags?post=72009"}],"curies":[{"name":"wp","href":"https:\/\/api.w.org\/{rel}","templated":true}]}}