{"id":72005,"date":"2025-09-12T09:59:25","date_gmt":"2025-09-12T12:59:25","guid":{"rendered":"https:\/\/www.paranapraia.com.br\/?p=72005"},"modified":"2025-09-12T10:06:27","modified_gmt":"2025-09-12T13:06:27","slug":"stf-condena-bolsonaro-a-27-anos-e-3-meses-de-prisao-por-trama-golpista","status":"publish","type":"post","link":"https:\/\/www.paranapraia.com.br\/index.php\/2025\/09\/12\/stf-condena-bolsonaro-a-27-anos-e-3-meses-de-prisao-por-trama-golpista\/","title":{"rendered":"STF condena Bolsonaro a 27 anos e 3 meses de pris\u00e3o por trama golpista"},"content":{"rendered":"\n<p>A Primeira Turma do Supremo Tribunal Federal (STF) condenou nesta quinta-feira (11) o ex-presidente Jair Bolsonaro (PL) a uma pena de 27 anos e 3 meses de pris\u00e3o, al\u00e9m de multa e indeniza\u00e7\u00f5es, no julgamento da a\u00e7\u00e3o penal sobre a tentativa de golpe de Estado e os atos antidemocr\u00e1ticos de 8 de janeiro de 2023.<\/p>\n\n\n\n<h3 class=\"wp-block-heading\">Como foi a decis\u00e3o<\/h3>\n\n\n\n<p>O relator do processo, ministro Alexandre de Moraes, prop\u00f4s a dosimetria da pena, que foi seguida pela maioria. Do total, 24 anos e 9 meses correspondem \u00e0 reclus\u00e3o, e 2 anos e 6 meses \u00e0 deten\u00e7\u00e3o, al\u00e9m de 124 dias-multa no valor de dois sal\u00e1rios m\u00ednimos cada. A quantia foi sugerida pelo ministro Fl\u00e1vio Dino e aceita pelo relator, ap\u00f3s destacar que Bolsonaro declarou ter recebido mais de R$ 40 milh\u00f5es em doa\u00e7\u00f5es via Pix.<\/p>\n\n\n\n<p>O ministro Luiz Fux divergiu e votou pela absolvi\u00e7\u00e3o, mas se absteve de indicar uma pena alternativa, justificando \u201ccoer\u00eancia\u201d.<\/p>\n\n\n\n<p>A Primeira Turma tamb\u00e9m fixou indeniza\u00e7\u00e3o solid\u00e1ria de R$ 30 milh\u00f5es, a ser paga pelos condenados, para reparar danos materiais e morais decorrentes da invas\u00e3o e depreda\u00e7\u00e3o das sedes dos Tr\u00eas Poderes, em Bras\u00edlia.<\/p>\n\n\n\n<h3 class=\"wp-block-heading\">Os argumentos<\/h3>\n\n\n\n<p>Moraes afirmou que Bolsonaro exerceu papel central na indu\u00e7\u00e3o da popula\u00e7\u00e3o contra o sistema eleitoral. \u201cEspera-se que aquele que foi eleito democraticamente para o cargo mais alto da Rep\u00fablica paute-se com mais rigor. Infelizmente n\u00e3o foi o que aconteceu\u201d, disse. Para o ministro, o ex-presidente contribuiu para a cria\u00e7\u00e3o de uma organiza\u00e7\u00e3o criminosa que tentou corroer a democracia.<\/p>\n\n\n\n<p>A ministra C\u00e1rmen L\u00facia refor\u00e7ou que houve \u201cprova cabal\u201d de que o grupo liderado por Bolsonaro articulou um plano sistem\u00e1tico de ataque \u00e0s institui\u00e7\u00f5es. J\u00e1 o ministro Cristiano Zanin ressaltou que a responsabiliza\u00e7\u00e3o penal \u00e9 essencial para a pacifica\u00e7\u00e3o nacional e para consolidar o Estado democr\u00e1tico de Direito.<\/p>\n\n\n\n<h3 class=\"wp-block-heading\">Penas dos aliados<\/h3>\n\n\n\n<p>Outros integrantes do chamado \u201cn\u00facleo crucial\u201d tamb\u00e9m foram condenados:<\/p>\n\n\n\n<ul class=\"wp-block-list\">\n<li><strong>General Braga Netto<\/strong>: 26 anos de pris\u00e3o (24 de reclus\u00e3o e 2 de deten\u00e7\u00e3o);<\/li>\n\n\n\n<li><strong>Anderson Torres (ex-ministro da Justi\u00e7a)<\/strong>: 24 anos;<\/li>\n\n\n\n<li><strong>Almir Garnier (ex-comandante da Marinha)<\/strong>: 24 anos;<\/li>\n\n\n\n<li><strong>General Augusto Heleno (ex-ministro do GSI)<\/strong>: 21 anos;<\/li>\n\n\n\n<li><strong>General Paulo S\u00e9rgio Nogueira (ex-ministro da Defesa)<\/strong>: 19 anos;<\/li>\n\n\n\n<li><strong>Deputado Alexandre Ramagem (PL-RJ)<\/strong>: 16 anos;<\/li>\n\n\n\n<li><strong>Mauro Cid (ex-ajudante de ordens)<\/strong>: 2 anos, com benef\u00edcios de dela\u00e7\u00e3o premiada.<\/li>\n<\/ul>\n\n\n\n<h3 class=\"wp-block-heading\">Rea\u00e7\u00e3o da defesa<\/h3>\n\n\n\n<p>A defesa de Bolsonaro classificou a condena\u00e7\u00e3o como \u201cexcessiva\u201d e anunciou que ir\u00e1 recorrer. O ex-presidente, que tem 70 anos, teve a idade considerada como atenuante parcial na dosimetria da pena.<\/p>\n\n\n\n<h3 class=\"wp-block-heading\">Contexto hist\u00f3rico<\/h3>\n\n\n\n<p>Moraes destacou que este \u00e9 o primeiro julgamento, na hist\u00f3ria republicana, em que mandantes de uma tentativa de golpe de Estado s\u00e3o responsabilizados pela mais alta Corte do pa\u00eds. \u201cA quest\u00e3o \u00e9 da necessidade da preven\u00e7\u00e3o para evitar que isso volte a ocorrer\u201d, afirmou.<\/p>\n\n\n\n<p>A decis\u00e3o representa um marco na jurisprud\u00eancia do Supremo e pode redefinir o futuro pol\u00edtico de Bolsonaro e de parte de sua c\u00fapula militar e civil, agora oficialmente condenada pela trama golpista.<\/p>\n\n\n\n<p>Reda\u00e7\u00e3o<\/p>\n\n\n\n<p><\/p>\n","protected":false},"excerpt":{"rendered":"<p>A Primeira Turma do Supremo Tribunal Federal (STF) condenou nesta quinta-feira (11) o ex-presidente Jair Bolsonaro (PL) a uma pena de 27 anos e 3 meses de pris\u00e3o, al\u00e9m de multa e indeniza\u00e7\u00f5es, no julgamento da a\u00e7\u00e3o penal sobre a tentativa de golpe de Estado e os atos antidemocr\u00e1ticos de 8 de janeiro de 2023. [&hellip;]<\/p>\n","protected":false},"author":2,"featured_media":72007,"comment_status":"open","ping_status":"open","sticky":false,"template":"","format":"standard","meta":{"advanced_seo_description":"","jetpack_seo_html_title":"","jetpack_seo_noindex":false,"_jetpack_memberships_contains_paid_content":false,"footnotes":""},"categories":[40],"tags":[],"class_list":{"0":"post-72005","1":"post","2":"type-post","3":"status-publish","4":"format-standard","5":"has-post-thumbnail","7":"category-destaques"},"jetpack_featured_media_url":"https:\/\/www.paranapraia.com.br\/wp-content\/uploads\/2025\/09\/ChatGPT-Image-12-de-set.-de-2025-09_56_21.png","jetpack_sharing_enabled":true,"_links":{"self":[{"href":"https:\/\/www.paranapraia.com.br\/index.php\/wp-json\/wp\/v2\/posts\/72005"}],"collection":[{"href":"https:\/\/www.paranapraia.com.br\/index.php\/wp-json\/wp\/v2\/posts"}],"about":[{"href":"https:\/\/www.paranapraia.com.br\/index.php\/wp-json\/wp\/v2\/types\/post"}],"author":[{"embeddable":true,"href":"https:\/\/www.paranapraia.com.br\/index.php\/wp-json\/wp\/v2\/users\/2"}],"replies":[{"embeddable":true,"href":"https:\/\/www.paranapraia.com.br\/index.php\/wp-json\/wp\/v2\/comments?post=72005"}],"version-history":[{"count":1,"href":"https:\/\/www.paranapraia.com.br\/index.php\/wp-json\/wp\/v2\/posts\/72005\/revisions"}],"predecessor-version":[{"id":72008,"href":"https:\/\/www.paranapraia.com.br\/index.php\/wp-json\/wp\/v2\/posts\/72005\/revisions\/72008"}],"wp:featuredmedia":[{"embeddable":true,"href":"https:\/\/www.paranapraia.com.br\/index.php\/wp-json\/wp\/v2\/media\/72007"}],"wp:attachment":[{"href":"https:\/\/www.paranapraia.com.br\/index.php\/wp-json\/wp\/v2\/media?parent=72005"}],"wp:term":[{"taxonomy":"category","embeddable":true,"href":"https:\/\/www.paranapraia.com.br\/index.php\/wp-json\/wp\/v2\/categories?post=72005"},{"taxonomy":"post_tag","embeddable":true,"href":"https:\/\/www.paranapraia.com.br\/index.php\/wp-json\/wp\/v2\/tags?post=72005"}],"curies":[{"name":"wp","href":"https:\/\/api.w.org\/{rel}","templated":true}]}}