{"id":71993,"date":"2025-09-12T09:25:07","date_gmt":"2025-09-12T12:25:07","guid":{"rendered":"https:\/\/www.paranapraia.com.br\/?p=71993"},"modified":"2025-09-12T09:25:10","modified_gmt":"2025-09-12T12:25:10","slug":"com-apoio-do-estado-morretes-vai-promover-edicao-inedita-de-mostra-folclorica","status":"publish","type":"post","link":"https:\/\/www.paranapraia.com.br\/index.php\/2025\/09\/12\/com-apoio-do-estado-morretes-vai-promover-edicao-inedita-de-mostra-folclorica\/","title":{"rendered":"Com apoio do Estado, Morretes vai promover edi\u00e7\u00e3o in\u00e9dita de Mostra Folcl\u00f3rica"},"content":{"rendered":"\n<p>Entre os meses de setembro e outubro, acontecer\u00e1 a primeira edi\u00e7\u00e3o do Litoral \u00c9tnico \u2013 Mostra Folcl\u00f3rica de Morretes. Durante o evento, o p\u00fablico poder\u00e1 acompanhar apresenta\u00e7\u00f5es de grupos de dan\u00e7a folcl\u00f3rica que celebram a diversidade cultural por meio de coreografias, trajes t\u00edpicos, m\u00fasica e tradi\u00e7\u00f5es de diferentes etnias, transformando o munic\u00edpio em um espa\u00e7o de encontro e valoriza\u00e7\u00e3o da identidade multicultural.<\/p>\n\n\n\n<p>O evento \u00e9 promovido com apoio do Programa de Fomento e Incentivo \u00e0 Cultura (Profice), da Secretaria de Estado da Cultura (Seec), e tem por objetivo aproximar o p\u00fablico das manifesta\u00e7\u00f5es culturais de povos tradicionais e imigrantes, promovendo viv\u00eancias por meio de dan\u00e7a e m\u00fasica. As apresenta\u00e7\u00f5es acontecer\u00e3o no centro hist\u00f3rico colonial de Morretes, no Coreto Jeff Petersen, na Pra\u00e7a dos Imigrantes, cen\u00e1rio que potencializa a beleza e a viv\u00eancia das apresenta\u00e7\u00f5es.<\/p>\n\n\n\n<p>A curadoria da primeira edi\u00e7\u00e3o do Litoral \u00c9tnico aposta em grupos folcl\u00f3ricos representativos das comunidades italiana, \u00e1rabe, boliviana, germ\u00e2nica, afro-brasileira, cigana, polonesa e ucraniana.<\/p>\n\n\n\n<p>Para a secret\u00e1ria de Estado da Cultura, Luciana Casagrande Pereira, a iniciativa traduz a miss\u00e3o do Governo do Estado em promover o encontro entre tradi\u00e7\u00f5es, aproximando o p\u00fablico das manifesta\u00e7\u00f5es de diferentes povos e fortalecendo o sentimento de pertencimento. \u201cCelebrar as etnias que ajudaram a construir nossa hist\u00f3ria \u00e9 tamb\u00e9m uma forma de projetar o futuro com mais inclus\u00e3o, respeito e reconhecimento das m\u00faltiplas vozes que comp\u00f5em a cultura paranaense\u201d, afirmou.<\/p>\n\n\n\n<p>Cada encontro, sempre aos s\u00e1bados, contar\u00e1 com uma abertura oficial, exposi\u00e7\u00e3o tem\u00e1tica sobre as etnias e um palco dedicado \u00e0s apresenta\u00e7\u00f5es dos grupos de dan\u00e7a folcl\u00f3rica. A proposta \u00e9 integrar essa atmosfera cultural ao espa\u00e7o j\u00e1 tradicionalmente ocupado pelos artes\u00e3os e pela gastronomia local, criando uma experi\u00eancia completa para o p\u00fablico.<\/p>\n\n\n\n<p>\u201cA mostra nasceu da necessidade de valorizar, difundir e preservar as tradi\u00e7\u00f5es culturais das diversas etnias presentes no Paran\u00e1, fortalecendo a identidade local e descentralizando o acesso \u00e0 cultura, muitas vezes restrito \u00e0 capital\u201d, diz a produtora e coordenadora geral do projeto, Angela Meschino.<\/p>\n\n\n\n<p>A mostra visa refor\u00e7ar Morretes como polo cultural e tur\u00edstico, unindo o patrim\u00f4nio hist\u00f3rico e a gastronomia local \u00e0 diversidade \u00e9tnica proposta na mostra. \u201cO evento fortalece a mem\u00f3ria coletiva, amplia o acesso \u00e0 cultura fora da Capital e integra as manifesta\u00e7\u00f5es populares ao turismo sustent\u00e1vel da regi\u00e3o\u201d, afirma a gestora cultural F\u00e1tima Esper.<\/p>\n\n\n\n<p><strong>REALIZA\u00c7\u00c3O E APOIO<\/strong>&nbsp;\u2013 O Litoral \u00c9tnico \u2013 Mostra Folcl\u00f3rica de Morretes \u00e9 realizado pela Esper &amp; Meschino Produ\u00e7\u00f5es, parceria entre Angela Meschino \u2013 produtora e gestora cultural, e F\u00e1tima Esper, advogada, produtora e gestora cultural. A iniciativa tem ainda apoio da Copel, parceria da Prefeitura de Morretes, e das comunidades \u00e9tnicas participantes, fundamentais para a realiza\u00e7\u00e3o e o fortalecimento do evento.<\/p>\n\n\n\n<p><strong>Servi\u00e7o:<\/strong><\/p>\n\n\n\n<p>Litoral \u00c9tnico \u2013 Mostra Folcl\u00f3rica de Morretes \u2013 1\u00aa edi\u00e7\u00e3o<\/p>\n\n\n\n<p>Datas: 13 e 20 de setembro; 11 e 25 de outubro<\/p>\n\n\n\n<p>Hor\u00e1rio: dia 13 \u2013 das 13h \u00e0s 16h<\/p>\n\n\n\n<p>Entrada gratuita<\/p>\n\n\n\n<p>Local: Coreto Jeff Petersen \u2013 Centro Hist\u00f3rico de Morretes, \u00e0 beira do rio Nhundiaquara (Rua das Flores, Morretes)<\/p>\n\n\n\n<p>Para saber mais, acesse a p\u00e1gina oficial do evento no Instagram&nbsp;<strong><a href=\"https:\/\/www.instagram.com\/litoral_etnico\/\" target=\"_blank\" rel=\"noreferrer noopener\">@litoral_etnico<\/a><\/strong><\/p>\n\n\n\n<p>AEN\/PR<\/p>\n","protected":false},"excerpt":{"rendered":"<p>Entre os meses de setembro e outubro, acontecer\u00e1 a primeira edi\u00e7\u00e3o do Litoral \u00c9tnico \u2013 Mostra Folcl\u00f3rica de Morretes. Durante o evento, o p\u00fablico poder\u00e1 acompanhar apresenta\u00e7\u00f5es de grupos de dan\u00e7a folcl\u00f3rica que celebram a diversidade cultural por meio de coreografias, trajes t\u00edpicos, m\u00fasica e tradi\u00e7\u00f5es de diferentes etnias, transformando o munic\u00edpio em um espa\u00e7o [&hellip;]<\/p>\n","protected":false},"author":2,"featured_media":71994,"comment_status":"open","ping_status":"open","sticky":false,"template":"","format":"standard","meta":{"advanced_seo_description":"","jetpack_seo_html_title":"","jetpack_seo_noindex":false,"_jetpack_memberships_contains_paid_content":false,"footnotes":""},"categories":[125],"tags":[],"class_list":{"0":"post-71993","1":"post","2":"type-post","3":"status-publish","4":"format-standard","5":"has-post-thumbnail","7":"category-morretes"},"jetpack_featured_media_url":"https:\/\/www.paranapraia.com.br\/wp-content\/uploads\/2025\/09\/whatsapp_image_2025-09-11_at_11.48.29_1.jpg","jetpack_sharing_enabled":true,"_links":{"self":[{"href":"https:\/\/www.paranapraia.com.br\/index.php\/wp-json\/wp\/v2\/posts\/71993"}],"collection":[{"href":"https:\/\/www.paranapraia.com.br\/index.php\/wp-json\/wp\/v2\/posts"}],"about":[{"href":"https:\/\/www.paranapraia.com.br\/index.php\/wp-json\/wp\/v2\/types\/post"}],"author":[{"embeddable":true,"href":"https:\/\/www.paranapraia.com.br\/index.php\/wp-json\/wp\/v2\/users\/2"}],"replies":[{"embeddable":true,"href":"https:\/\/www.paranapraia.com.br\/index.php\/wp-json\/wp\/v2\/comments?post=71993"}],"version-history":[{"count":1,"href":"https:\/\/www.paranapraia.com.br\/index.php\/wp-json\/wp\/v2\/posts\/71993\/revisions"}],"predecessor-version":[{"id":71995,"href":"https:\/\/www.paranapraia.com.br\/index.php\/wp-json\/wp\/v2\/posts\/71993\/revisions\/71995"}],"wp:featuredmedia":[{"embeddable":true,"href":"https:\/\/www.paranapraia.com.br\/index.php\/wp-json\/wp\/v2\/media\/71994"}],"wp:attachment":[{"href":"https:\/\/www.paranapraia.com.br\/index.php\/wp-json\/wp\/v2\/media?parent=71993"}],"wp:term":[{"taxonomy":"category","embeddable":true,"href":"https:\/\/www.paranapraia.com.br\/index.php\/wp-json\/wp\/v2\/categories?post=71993"},{"taxonomy":"post_tag","embeddable":true,"href":"https:\/\/www.paranapraia.com.br\/index.php\/wp-json\/wp\/v2\/tags?post=71993"}],"curies":[{"name":"wp","href":"https:\/\/api.w.org\/{rel}","templated":true}]}}