{"id":71987,"date":"2025-09-12T09:20:12","date_gmt":"2025-09-12T12:20:12","guid":{"rendered":"https:\/\/www.paranapraia.com.br\/?p=71987"},"modified":"2025-09-12T09:20:14","modified_gmt":"2025-09-12T12:20:14","slug":"projeto-leva-preservacao-de-oceanos-e-cultura-caicara-a-criancas-do-litoral","status":"publish","type":"post","link":"https:\/\/www.paranapraia.com.br\/index.php\/2025\/09\/12\/projeto-leva-preservacao-de-oceanos-e-cultura-caicara-a-criancas-do-litoral\/","title":{"rendered":"Projeto leva preserva\u00e7\u00e3o de oceanos e cultura cai\u00e7ara a crian\u00e7as do Litoral"},"content":{"rendered":"\n<p>Com apoio da Secretaria de Estado da Cultura, por meio do Programa de Fomento e Incentivo \u00e0 Cultura (Profice), o projeto Mar\u00e9 das Artes est\u00e1 em andamento em diversas cidades do Litoral do Paran\u00e1. At\u00e9 dia 18 de setembro, o programa levar\u00e1 conta\u00e7\u00e3o de hist\u00f3rias e palestras a institui\u00e7\u00f5es de educa\u00e7\u00e3o de Matinhos, Paranagu\u00e1 e Pontal do Sul. E no per\u00edodo de 15 de setembro a 10 de outubro, o p\u00fablico poder\u00e1 conferir a exposi\u00e7\u00e3o Mar\u00e9 de Pl\u00e1stico, do artista Antonio Labatut, conhecido como ANT.<\/p>\n\n\n\n<p>O Mar\u00e9 das Artes busca envolver crian\u00e7as, jovens e a comunidade em a\u00e7\u00f5es que promovem a conscientiza\u00e7\u00e3o e o engajamento social. \u00c0 frente do projeto e da conta\u00e7\u00e3o de hist\u00f3rias est\u00e1 a atriz Ail\u00e9n Roberto, que far\u00e1 20 apresenta\u00e7\u00f5es em escolas municipais da regi\u00e3o. Baseadas em lendas locais, as hist\u00f3rias contadas valorizam a cultura cai\u00e7ara e levam \u00e0s salas de aula narrativas l\u00fadicas que conectam as crian\u00e7as \u00e0s tradi\u00e7\u00f5es.<\/p>\n\n\n\n<p>\u201cQuando se trata de Litoral, as pessoas est\u00e3o naturalmente atreladas \u00e0 sustentabilidade, porque grande parte vive do turismo\u201d, diz Ail\u00e9n. \u201cPoder unir a pauta da conscientiza\u00e7\u00e3o ambiental \u00e0 arte \u00e9 maravilhoso, porque conversa muito com a comunidade e eles se identificam com a a\u00e7\u00e3o\u201d.<\/p>\n\n\n\n<p>Al\u00e9m disso, para o p\u00fablico um pouco mais velho, adolescentes do 7\u00ba, 8\u00ba e 9\u00ba ano dos col\u00e9gios estaduais de Matinhos, Pontal do Paran\u00e1 e Ilha do Mel, ser\u00e1 ofertada a palestra \u201cOs Impactos do Lixo Marinho&#8221;, ministrada pela gestora ambiental Kamila Maier. \u201cVamos fazer um hist\u00f3rico do pl\u00e1stico, quais s\u00e3o seus tipos e o que pode ser feito para melhorar a quest\u00e3o dos res\u00edduos&#8221;, conta.<\/p>\n\n\n\n<p><strong>MAR\u00c9 DE PL\u00c1STICO<\/strong>&nbsp;\u2013 Em 15 de setembro ser\u00e1 inaugurada no campus da Universidade Federal do Paran\u00e1, em Matinhos, a exposi\u00e7\u00e3o Mar\u00e9 de Pl\u00e1stico, de Antonio Labatut, conhecido como ANT. A mostra, que tem curadoria de Giusy de Luca, apresenta 30 trabalhos do artista que coleta res\u00edduos nas praias de Encantadas e Bras\u00edlia, na Ilha do Mel, para construir suas obras.<\/p>\n\n\n\n<p>Morador da ilha desde 2021, ANT pesquisa os impactos do descarte irregular de res\u00edduos na vida marinha e ressignifica o material. \u201cFa\u00e7o coletas de lixo na praia, seleciono o pl\u00e1stico que me interessa e o restante \u00e9 descartado de maneira correta para a reciclagem&#8221;, afirma. \u201cAs obras s\u00e3o feitas com cola e parafusos para fixa\u00e7\u00e3o. Tamb\u00e9m uso tesoura e serra para cortar esse pl\u00e1stico ou uso o pl\u00e1stico como ele veio da praia, sem manufatura, aproveitando o formato e a textura encontrada&#8221;.<\/p>\n\n\n\n<p>Todas as a\u00e7\u00f5es do Mar\u00e9 de Artes tamb\u00e9m contam com acessibilidade, garantindo a presen\u00e7a de pessoas com defici\u00eancia e grupos vulner\u00e1veis. Ser\u00e1 oferecido transporte gratuito para crian\u00e7as e visitas guiadas para comunidades com acesso restrito \u00e0 cultura.<\/p>\n\n\n\n<p><strong>Servi\u00e7o:<\/strong><\/p>\n\n\n\n<p>Exposi\u00e7\u00e3o Mar de Pl\u00e1stico<\/p>\n\n\n\n<p>Visita\u00e7\u00e3o: 15 de setembro a 10 de outubro<\/p>\n\n\n\n<p>Hor\u00e1rios: 8h \u00e0s 22h<\/p>\n\n\n\n<p>Local: Rua Jaguaria\u00edva, 512 &#8211; Matinhos<\/p>\n\n\n\n<p>Entrada gratuita<\/p>\n\n\n\n<p>AEN\/PR<\/p>\n","protected":false},"excerpt":{"rendered":"<p>Com apoio da Secretaria de Estado da Cultura, por meio do Programa de Fomento e Incentivo \u00e0 Cultura (Profice), o projeto Mar\u00e9 das Artes est\u00e1 em andamento em diversas cidades do Litoral do Paran\u00e1. At\u00e9 dia 18 de setembro, o programa levar\u00e1 conta\u00e7\u00e3o de hist\u00f3rias e palestras a institui\u00e7\u00f5es de educa\u00e7\u00e3o de Matinhos, Paranagu\u00e1 e [&hellip;]<\/p>\n","protected":false},"author":2,"featured_media":71988,"comment_status":"open","ping_status":"open","sticky":false,"template":"","format":"standard","meta":{"advanced_seo_description":"","jetpack_seo_html_title":"","jetpack_seo_noindex":false,"_jetpack_memberships_contains_paid_content":false,"footnotes":""},"categories":[91],"tags":[],"class_list":{"0":"post-71987","1":"post","2":"type-post","3":"status-publish","4":"format-standard","5":"has-post-thumbnail","7":"category-litoral"},"jetpack_featured_media_url":"https:\/\/www.paranapraia.com.br\/wp-content\/uploads\/2025\/09\/whatsapp_image_2025-09-11_at_11.48.04_0.jpg","jetpack_sharing_enabled":true,"_links":{"self":[{"href":"https:\/\/www.paranapraia.com.br\/index.php\/wp-json\/wp\/v2\/posts\/71987"}],"collection":[{"href":"https:\/\/www.paranapraia.com.br\/index.php\/wp-json\/wp\/v2\/posts"}],"about":[{"href":"https:\/\/www.paranapraia.com.br\/index.php\/wp-json\/wp\/v2\/types\/post"}],"author":[{"embeddable":true,"href":"https:\/\/www.paranapraia.com.br\/index.php\/wp-json\/wp\/v2\/users\/2"}],"replies":[{"embeddable":true,"href":"https:\/\/www.paranapraia.com.br\/index.php\/wp-json\/wp\/v2\/comments?post=71987"}],"version-history":[{"count":1,"href":"https:\/\/www.paranapraia.com.br\/index.php\/wp-json\/wp\/v2\/posts\/71987\/revisions"}],"predecessor-version":[{"id":71989,"href":"https:\/\/www.paranapraia.com.br\/index.php\/wp-json\/wp\/v2\/posts\/71987\/revisions\/71989"}],"wp:featuredmedia":[{"embeddable":true,"href":"https:\/\/www.paranapraia.com.br\/index.php\/wp-json\/wp\/v2\/media\/71988"}],"wp:attachment":[{"href":"https:\/\/www.paranapraia.com.br\/index.php\/wp-json\/wp\/v2\/media?parent=71987"}],"wp:term":[{"taxonomy":"category","embeddable":true,"href":"https:\/\/www.paranapraia.com.br\/index.php\/wp-json\/wp\/v2\/categories?post=71987"},{"taxonomy":"post_tag","embeddable":true,"href":"https:\/\/www.paranapraia.com.br\/index.php\/wp-json\/wp\/v2\/tags?post=71987"}],"curies":[{"name":"wp","href":"https:\/\/api.w.org\/{rel}","templated":true}]}}