{"id":71984,"date":"2025-09-12T09:17:14","date_gmt":"2025-09-12T12:17:14","guid":{"rendered":"https:\/\/www.paranapraia.com.br\/?p=71984"},"modified":"2025-09-12T09:17:16","modified_gmt":"2025-09-12T12:17:16","slug":"paranagua-ubs-da-vila-garcia-promove-acao-do-setembro-amarelo-com-foco-na-escuta-e-valorizacao-da-vida","status":"publish","type":"post","link":"https:\/\/www.paranapraia.com.br\/index.php\/2025\/09\/12\/paranagua-ubs-da-vila-garcia-promove-acao-do-setembro-amarelo-com-foco-na-escuta-e-valorizacao-da-vida\/","title":{"rendered":"Paranagu\u00e1: UBS da Vila Garcia promove a\u00e7\u00e3o do Setembro Amarelo com foco na escuta e valoriza\u00e7\u00e3o da vida"},"content":{"rendered":"\n<p>Esta quinta-feira, dia 11, foi marcada por di\u00e1logos, reflex\u00f5es e acolhimento na Unidade B\u00e1sica de Sa\u00fade (UBS) Aline Marinho Zacharias, na Vila Garcia, em Paranagu\u00e1. A a\u00e7\u00e3o, promovida pela Prefeitura de Paranagu\u00e1, por meio da equipe da unidade, integrou a campanha Setembro Amarelo, dedicada \u00e0 preven\u00e7\u00e3o do suic\u00eddio e \u00e0 valoriza\u00e7\u00e3o da vida. A iniciativa reuniu profissionais da sa\u00fade, psic\u00f3logos, agentes comunit\u00e1rios e usu\u00e1rios da unidade em um encontro que refor\u00e7ou a import\u00e2ncia de cuidar das emo\u00e7\u00f5es e oferecer apoio a quem precisa.<\/p>\n\n\n\n<p>A programa\u00e7\u00e3o contou com palestras da psic\u00f3loga Camila Guadanhin, do Centro de Refer\u00eancia de Assist\u00eancia Social (CRAS) da Vila Garcia, e da m\u00e9dica da unidade, doutora V\u00e2nia Muniz da Silva, al\u00e9m de materiais informativos distribu\u00eddos ao p\u00fablico. Uma din\u00e2mica interativa convidou os participantes a refletirem sobre seus sentimentos: cada pessoa escolhia um bal\u00e3o identificado com uma emo\u00e7\u00e3o \u2013 como solid\u00e3o, tristeza ou dor \u2013 e, ao estour\u00e1-lo, encontrava uma mensagem positiva.<\/p>\n\n\n\n<p>\u201cEra um jeito simb\u00f3lico de lembrar que ningu\u00e9m est\u00e1 sozinho, que sempre h\u00e1 algu\u00e9m disposto a ouvir\u201d, explicou a supervisora de \u00e1rea Amanda Nunes de Ara\u00fajo Filla.<\/p>\n\n\n\n<p>Al\u00e9m das conversas e atividades educativas, os presentes tamb\u00e9m compartilharam um lanche coletivo, fortalecendo os la\u00e7os de comunidade e a sensa\u00e7\u00e3o de pertencimento.<\/p>\n\n\n\n<p><strong>Sa\u00fade mental como parte da aten\u00e7\u00e3o prim\u00e1ria<\/strong><\/p>\n\n\n\n<p>Para a supervisora especial da \u00e1rea Sul, Daniele Pereira Marques Thomaz Santos, trazer o tema da sa\u00fade mental para a UBS \u00e9 fundamental. \u201cGeralmente esse trabalho \u00e9 concentrado no Centro de Aten\u00e7\u00e3o Psicossocial (CAPS) ou no CRAS, mas sa\u00fade mental tamb\u00e9m \u00e9 sa\u00fade. E a procura est\u00e1 crescendo cada vez mais, inclusive entre adolescentes. Recebemos m\u00e3es pedindo consultas antecipadas porque os filhos precisam de acompanhamento. Esse olhar precisa estar dentro das unidades, porque cuidar das emo\u00e7\u00f5es faz parte de uma boa sa\u00fade\u201d, disse.<\/p>\n\n\n\n<p>Com uma abrang\u00eancia expressiva, a UBS da Vila Garcia \u00e9 respons\u00e1vel pelo atendimento de aproximadamente 17 mil fam\u00edlias da regi\u00e3o Sul de Paranagu\u00e1. A unidade cobre \u00e1reas como Vila Garcia, Jardim Esperan\u00e7a, Ouro Fino, Vila das Torres e Rio da Vaca, reunindo um territ\u00f3rio extenso e diverso em demandas. Para dar conta dessa popula\u00e7\u00e3o, a UBS conta atualmente com tr\u00eas equipes da Estrat\u00e9gia Sa\u00fade da Fam\u00edlia (ESF), cada uma formada por sete agentes comunit\u00e1rios de sa\u00fade (ACS), al\u00e9m de tr\u00eas profissionais m\u00e9dicos, enfermeiros e t\u00e9cnicos que atuam de forma integrada no acompanhamento da comunidade.<\/p>\n\n\n\n<p><strong>Apoio que salva<\/strong><\/p>\n\n\n\n<p>A dona de casa Dianiffer Kelly dos Santos Lopes, m\u00e3e de um beb\u00ea de apenas um m\u00eas, foi uma das participantes da a\u00e7\u00e3o e destacou o impacto da atividade. \u201c\u00c0s vezes temos rede de apoio, mas n\u00e3o conseguimos falar, n\u00e3o conseguimos nos expressar. Hoje foi importante ouvir que existe suporte tanto na UBS quanto no CRAS. Foi muito gratificante ver esse cuidado&#8221;, comentou.<\/p>\n\n\n\n<p>Ela ressaltou que, muitas vezes, a pessoa que precisa de ajuda est\u00e1 pr\u00f3xima, dentro da pr\u00f3pria fam\u00edlia, mas n\u00e3o encontra espa\u00e7o para ser ouvida. \u201cEssas conversas mostram que temos voz e que devemos procurar ajuda quando necess\u00e1rio\u201d, completou.<\/p>\n\n\n\n<p>Em sua fala, a m\u00e9dica da UBS, doutora Vania Muniz da Silva, refor\u00e7ou o papel da Aten\u00e7\u00e3o Prim\u00e1ria como porta de entrada para o cuidado em sa\u00fade mental. \u201cMuitas pessoas come\u00e7am com um entristecimento, se isolam, mas t\u00eam vergonha ou medo de falar. Nosso objetivo \u00e9 mostrar que elas n\u00e3o est\u00e3o sozinhas. Depress\u00e3o n\u00e3o \u00e9 frescura, \u00e9 uma doen\u00e7a que precisa de acompanhamento. E esse cuidado come\u00e7a aqui, na unidade b\u00e1sica de sa\u00fade\u201d, explicou.<\/p>\n\n\n\n<p>A m\u00e9dica lembrou que o suic\u00eddio \u00e9 uma realidade que atravessa todas as idades, atingindo inclusive idosos e adolescentes. Ela destacou ainda a vulnerabilidade de gestantes em situa\u00e7\u00f5es de abandono ou rejei\u00e7\u00e3o da gravidez, e alertou para o papel do excesso de telas e do bullying no adoecimento de crian\u00e7as e jovens.<\/p>\n\n\n\n<p>\u201cA cada dez minutos, uma pessoa tenta suic\u00eddio em algum lugar do mundo. Por isso, precisamos lembrar que a escuta acolhedora pode salvar vidas. Como equipe, estamos de portas abertas. N\u00f3s somos o apoio que salva\u201d, afirmou a dra. Vania.<\/p>\n\n\n\n<p><strong>Um recado que ultrapassa setembro<\/strong><\/p>\n\n\n\n<p>Embora o Setembro Amarelo concentre esfor\u00e7os para dar visibilidade ao tema, os profissionais da UBS destacaram que a preven\u00e7\u00e3o ao suic\u00eddio e o cuidado com a sa\u00fade mental devem ser cont\u00ednuos, ao longo de todo o ano. A a\u00e7\u00e3o realizada na Vila Garcia buscou n\u00e3o apenas conscientizar, mas tamb\u00e9m criar v\u00ednculos de confian\u00e7a entre a comunidade e os servi\u00e7os de sa\u00fade, mostrando que pedir ajuda \u00e9 um passo essencial para transformar a realidade de quem sofre em sil\u00eancio.<\/p>\n\n\n\n<p>Prefeitura de Paranagu\u00e1<\/p>\n","protected":false},"excerpt":{"rendered":"<p>Esta quinta-feira, dia 11, foi marcada por di\u00e1logos, reflex\u00f5es e acolhimento na Unidade B\u00e1sica de Sa\u00fade (UBS) Aline Marinho Zacharias, na Vila Garcia, em Paranagu\u00e1. A a\u00e7\u00e3o, promovida pela Prefeitura de Paranagu\u00e1, por meio da equipe da unidade, integrou a campanha Setembro Amarelo, dedicada \u00e0 preven\u00e7\u00e3o do suic\u00eddio e \u00e0 valoriza\u00e7\u00e3o da vida. A iniciativa [&hellip;]<\/p>\n","protected":false},"author":2,"featured_media":71985,"comment_status":"open","ping_status":"open","sticky":false,"template":"","format":"standard","meta":{"advanced_seo_description":"","jetpack_seo_html_title":"","jetpack_seo_noindex":false,"_jetpack_memberships_contains_paid_content":false,"footnotes":""},"categories":[77],"tags":[],"class_list":{"0":"post-71984","1":"post","2":"type-post","3":"status-publish","4":"format-standard","5":"has-post-thumbnail","7":"category-paranagua"},"jetpack_featured_media_url":"https:\/\/www.paranapraia.com.br\/wp-content\/uploads\/2025\/09\/18650.jpg","jetpack_sharing_enabled":true,"_links":{"self":[{"href":"https:\/\/www.paranapraia.com.br\/index.php\/wp-json\/wp\/v2\/posts\/71984"}],"collection":[{"href":"https:\/\/www.paranapraia.com.br\/index.php\/wp-json\/wp\/v2\/posts"}],"about":[{"href":"https:\/\/www.paranapraia.com.br\/index.php\/wp-json\/wp\/v2\/types\/post"}],"author":[{"embeddable":true,"href":"https:\/\/www.paranapraia.com.br\/index.php\/wp-json\/wp\/v2\/users\/2"}],"replies":[{"embeddable":true,"href":"https:\/\/www.paranapraia.com.br\/index.php\/wp-json\/wp\/v2\/comments?post=71984"}],"version-history":[{"count":1,"href":"https:\/\/www.paranapraia.com.br\/index.php\/wp-json\/wp\/v2\/posts\/71984\/revisions"}],"predecessor-version":[{"id":71986,"href":"https:\/\/www.paranapraia.com.br\/index.php\/wp-json\/wp\/v2\/posts\/71984\/revisions\/71986"}],"wp:featuredmedia":[{"embeddable":true,"href":"https:\/\/www.paranapraia.com.br\/index.php\/wp-json\/wp\/v2\/media\/71985"}],"wp:attachment":[{"href":"https:\/\/www.paranapraia.com.br\/index.php\/wp-json\/wp\/v2\/media?parent=71984"}],"wp:term":[{"taxonomy":"category","embeddable":true,"href":"https:\/\/www.paranapraia.com.br\/index.php\/wp-json\/wp\/v2\/categories?post=71984"},{"taxonomy":"post_tag","embeddable":true,"href":"https:\/\/www.paranapraia.com.br\/index.php\/wp-json\/wp\/v2\/tags?post=71984"}],"curies":[{"name":"wp","href":"https:\/\/api.w.org\/{rel}","templated":true}]}}