{"id":7198,"date":"2019-04-18T20:25:48","date_gmt":"2019-04-18T23:25:48","guid":{"rendered":"https:\/\/www.paranapraia.com.br\/?p=7198"},"modified":"2019-04-18T20:25:49","modified_gmt":"2019-04-18T23:25:49","slug":"avianca-vai-devolver-18-avioes-depois-da-pascoa","status":"publish","type":"post","link":"https:\/\/www.paranapraia.com.br\/index.php\/2019\/04\/18\/avianca-vai-devolver-18-avioes-depois-da-pascoa\/","title":{"rendered":"Avianca vai devolver 18 avi\u00f5es depois da P\u00e1scoa"},"content":{"rendered":"\n<p>A Avianca&nbsp;Brasil, que est\u00e1 em recupera\u00e7\u00e3o judicial, devolver\u00e1 18 aeronaves de sua frota a partir da pr\u00f3xima segunda-feira (22), segundo a Anac&nbsp;(Ag\u00eancia Nacional de Avia\u00e7\u00e3o Civil), que vai supervisionar a entrega dos equipamentos.<\/p>\n\n\n\n<p>A companhia entrou em acordo com quatro arrendadoras: GE Capital Aviation Services (dona de sete&nbsp;aeronaves), PK (uma), Vermillion (quatro) e Aviation Capital Group&nbsp;(seis).<\/p>\n\n\n\n<p>A retomada dos avi\u00f5es pelas empresas de leasing ocorre ap\u00f3s sucessivas vit\u00f3rias das empresas na Justi\u00e7a, movidas por conta da&nbsp;inadimpl\u00eancia nos arrendamentos.&nbsp;Os atrasos da Avianca se arrastam ao menos desde o segundo semestre do ano passado.<\/p>\n\n\n\n<p>Os 18 equipamentos&nbsp;ser\u00e3o gradualmente retiradas de opera\u00e7\u00e3o e os voos da empresa poder\u00e3o ser impactados, segundo a Anac.&nbsp;O \u00f3rg\u00e3o determinou que a empresa adeque sua malha a\u00e9rea e seu sistema de venda \u00e0 frota reduzida e que divulgue a lista&nbsp;dos voos cancelados em seu site.<\/p>\n\n\n\n<p>A orienta\u00e7\u00e3o da ag\u00eancia e do\u00a0Procon\u00a0aos passageiros que tiveram seus voos cancelados ou atrasados \u00e9 a de registrar suas reclama\u00e7\u00f5es\u00a0no portal\u00a0www.consumigor.gov.br.<\/p>\n\n\n\n<p>Folha Press<\/p>\n","protected":false},"excerpt":{"rendered":"<p>A Avianca&nbsp;Brasil, que est\u00e1 em recupera\u00e7\u00e3o judicial, devolver\u00e1 18 aeronaves de sua frota a partir da pr\u00f3xima segunda-feira (22), segundo a Anac&nbsp;(Ag\u00eancia Nacional de Avia\u00e7\u00e3o Civil), que vai supervisionar a entrega dos equipamentos. A companhia entrou em acordo com quatro arrendadoras: GE Capital Aviation Services (dona de sete&nbsp;aeronaves), PK (uma), Vermillion (quatro) e Aviation Capital [&hellip;]<\/p>\n","protected":false},"author":2,"featured_media":7199,"comment_status":"open","ping_status":"open","sticky":false,"template":"","format":"standard","meta":{"advanced_seo_description":"","jetpack_seo_html_title":"","jetpack_seo_noindex":false,"_jetpack_memberships_contains_paid_content":false,"footnotes":""},"categories":[43],"tags":[],"class_list":{"0":"post-7198","1":"post","2":"type-post","3":"status-publish","4":"format-standard","5":"has-post-thumbnail","7":"category-cotidiano"},"jetpack_featured_media_url":"https:\/\/www.paranapraia.com.br\/wp-content\/uploads\/2019\/04\/av-1.jpg","jetpack_sharing_enabled":true,"_links":{"self":[{"href":"https:\/\/www.paranapraia.com.br\/index.php\/wp-json\/wp\/v2\/posts\/7198"}],"collection":[{"href":"https:\/\/www.paranapraia.com.br\/index.php\/wp-json\/wp\/v2\/posts"}],"about":[{"href":"https:\/\/www.paranapraia.com.br\/index.php\/wp-json\/wp\/v2\/types\/post"}],"author":[{"embeddable":true,"href":"https:\/\/www.paranapraia.com.br\/index.php\/wp-json\/wp\/v2\/users\/2"}],"replies":[{"embeddable":true,"href":"https:\/\/www.paranapraia.com.br\/index.php\/wp-json\/wp\/v2\/comments?post=7198"}],"version-history":[{"count":1,"href":"https:\/\/www.paranapraia.com.br\/index.php\/wp-json\/wp\/v2\/posts\/7198\/revisions"}],"predecessor-version":[{"id":7200,"href":"https:\/\/www.paranapraia.com.br\/index.php\/wp-json\/wp\/v2\/posts\/7198\/revisions\/7200"}],"wp:featuredmedia":[{"embeddable":true,"href":"https:\/\/www.paranapraia.com.br\/index.php\/wp-json\/wp\/v2\/media\/7199"}],"wp:attachment":[{"href":"https:\/\/www.paranapraia.com.br\/index.php\/wp-json\/wp\/v2\/media?parent=7198"}],"wp:term":[{"taxonomy":"category","embeddable":true,"href":"https:\/\/www.paranapraia.com.br\/index.php\/wp-json\/wp\/v2\/categories?post=7198"},{"taxonomy":"post_tag","embeddable":true,"href":"https:\/\/www.paranapraia.com.br\/index.php\/wp-json\/wp\/v2\/tags?post=7198"}],"curies":[{"name":"wp","href":"https:\/\/api.w.org\/{rel}","templated":true}]}}