{"id":71975,"date":"2025-09-12T07:45:13","date_gmt":"2025-09-12T10:45:13","guid":{"rendered":"https:\/\/www.paranapraia.com.br\/?p=71975"},"modified":"2025-09-12T07:45:16","modified_gmt":"2025-09-12T10:45:16","slug":"identificado-rapaz-executado-a-tiros-em-matinhos","status":"publish","type":"post","link":"https:\/\/www.paranapraia.com.br\/index.php\/2025\/09\/12\/identificado-rapaz-executado-a-tiros-em-matinhos\/","title":{"rendered":"Identificado rapaz executado a tiros em Matinhos"},"content":{"rendered":"\n<p>Gabriel Ferreira Alves, de 26 anos, foi executado com v\u00e1rios disparos de arma de fogo no final da tarde desta quinta-feira, 11, na cidade de Matinhos.<\/p>\n\n\n\n<p>A v\u00edtima estava dentro de um Ford Ka, cor preta, na frente de um supermercado, no balne\u00e1rio Riveira I, quando foi surpreendida por um indiv\u00edduo armado que estava na garupa de uma motocicleta.<\/p>\n\n\n\n<p>Portando uma pistola, o homem desceu da moto, se aproximou da porta do motorista e atirou mais de 10 vezes na dire\u00e7\u00e3o de Gabriel.<\/p>\n\n\n\n<p>Alvejado no rosto e na cabe\u00e7a, o rapaz n\u00e3o resistiu e morreu no interior do autom\u00f3vel.<\/p>\n\n\n\n<p>O autor dos disparos, subiu na motocicleta e fugiu com o comparsa que pilotava o ve\u00edculo.<\/p>\n\n\n\n<p>Al\u00e9m de Gabriel, sua m\u00e3e, de 44 anos, que estava no interior do carro, foi alvejada na m\u00e3o esquerda.<\/p>\n\n\n\n<p>Com fratura exposta em um dos dedos, a mulher foi levada para a emerg\u00eancia da UPA- Unidade de Pronto Atendimento instalada no balne\u00e1rio Praia Grande. Logo em seguida, ela foi transferida para o Hospital Regional do Litoral, em Paranagu\u00e1, onde permanece internada.<\/p>\n\n\n\n<p>Uma adolescente, de 17 anos, irm\u00e3 de Gabriel e a filha da v\u00edtima, de apenas 2 anos, que tamb\u00e9m estavam no ve\u00edculo, n\u00e3o foram alvejadas.<\/p>\n\n\n\n<p>Natural de Curitiba, Gabriel morou recentemente no bairro Vila Macedo, em Piraquara.<\/p>\n\n\n\n<p>ESTOJOS<\/p>\n\n\n\n<p>Estojos de muni\u00e7\u00e3o calibre 9mm foram recolhidos pela Pol\u00edcia Cient\u00edfica durante a per\u00edcia realizada no carro e no local.<\/p>\n\n\n\n<p>O corpo de Gabriel, que tinha indicativo criminal e passagem por homic\u00eddio, foi encaminhado para o necrot\u00e9rio, onde passou por exames complementares.<\/p>\n\n\n\n<p>7\u00b0 HOMIC\u00cdDIO<\/p>\n\n\n\n<p>Foi o s\u00e9timo homic\u00eddio registrado em Matinhos, em 2025. No litoral do estado s\u00e3o 51 casos.<\/p>\n\n\n\n<p>A Pol\u00edcia Civil instaurou um inqu\u00e9rito e apura a motiva\u00e7\u00e3o e autoria do crime.<\/p>\n\n\n\n<p>Fonte: Comunica Matinhos<\/p>\n","protected":false},"excerpt":{"rendered":"<p>Gabriel Ferreira Alves, de 26 anos, foi executado com v\u00e1rios disparos de arma de fogo no final da tarde desta quinta-feira, 11, na cidade de Matinhos. A v\u00edtima estava dentro de um Ford Ka, cor preta, na frente de um supermercado, no balne\u00e1rio Riveira I, quando foi surpreendida por um indiv\u00edduo armado que estava na [&hellip;]<\/p>\n","protected":false},"author":2,"featured_media":71976,"comment_status":"open","ping_status":"open","sticky":false,"template":"","format":"standard","meta":{"advanced_seo_description":"","jetpack_seo_html_title":"","jetpack_seo_noindex":false,"_jetpack_memberships_contains_paid_content":false,"footnotes":""},"categories":[88],"tags":[],"class_list":{"0":"post-71975","1":"post","2":"type-post","3":"status-publish","4":"format-standard","5":"has-post-thumbnail","7":"category-matinhos"},"jetpack_featured_media_url":"https:\/\/www.paranapraia.com.br\/wp-content\/uploads\/2025\/09\/FB_IMG_1757673806097.jpg","jetpack_sharing_enabled":true,"_links":{"self":[{"href":"https:\/\/www.paranapraia.com.br\/index.php\/wp-json\/wp\/v2\/posts\/71975"}],"collection":[{"href":"https:\/\/www.paranapraia.com.br\/index.php\/wp-json\/wp\/v2\/posts"}],"about":[{"href":"https:\/\/www.paranapraia.com.br\/index.php\/wp-json\/wp\/v2\/types\/post"}],"author":[{"embeddable":true,"href":"https:\/\/www.paranapraia.com.br\/index.php\/wp-json\/wp\/v2\/users\/2"}],"replies":[{"embeddable":true,"href":"https:\/\/www.paranapraia.com.br\/index.php\/wp-json\/wp\/v2\/comments?post=71975"}],"version-history":[{"count":1,"href":"https:\/\/www.paranapraia.com.br\/index.php\/wp-json\/wp\/v2\/posts\/71975\/revisions"}],"predecessor-version":[{"id":71977,"href":"https:\/\/www.paranapraia.com.br\/index.php\/wp-json\/wp\/v2\/posts\/71975\/revisions\/71977"}],"wp:featuredmedia":[{"embeddable":true,"href":"https:\/\/www.paranapraia.com.br\/index.php\/wp-json\/wp\/v2\/media\/71976"}],"wp:attachment":[{"href":"https:\/\/www.paranapraia.com.br\/index.php\/wp-json\/wp\/v2\/media?parent=71975"}],"wp:term":[{"taxonomy":"category","embeddable":true,"href":"https:\/\/www.paranapraia.com.br\/index.php\/wp-json\/wp\/v2\/categories?post=71975"},{"taxonomy":"post_tag","embeddable":true,"href":"https:\/\/www.paranapraia.com.br\/index.php\/wp-json\/wp\/v2\/tags?post=71975"}],"curies":[{"name":"wp","href":"https:\/\/api.w.org\/{rel}","templated":true}]}}